{"id":55,"date":"2008-06-10T16:12:00","date_gmt":"2008-06-10T14:18:00","guid":{"rendered":"http:\/\/www.bbtinfo.eu\/wp_2013\/?p=55"},"modified":"2008-06-10T16:12:00","modified_gmt":"2008-06-10T14:18:00","slug":"il-bbt-e-un-dato-di-fatto-2","status":"publish","type":"post","link":"https:\/\/www.bbtinfo.eu\/it\/il-bbt-e-un-dato-di-fatto-2\/","title":{"rendered":"Il BBT \u00e9 un dato di fatto"},"content":{"rendered":"<p><strong>La costruzione della Galleria di Base del Brennero \u00e8 un dato di fatto, l\u2019opera si realizzer\u00e0. Circostanza, della quale Jonathan Scheele , direttore responsabile UE per il progetto TEN (Transit European Network) \u00e8 convinto.<\/strong><\/p>\n<p>A Bruxelles, recentemente, non ci sono state indicazioni riguardanti un eventuale ritiro dell\u2019Italia dal progetto BBT, si tratta di voci non veritiere, questo quanto assicurato dall\u2019UE.&nbsp; In Italia sono stati avviati i&nbsp; lavori di scavo e i cosiddetti sondaggi geognostici.<br \/>\nL\u2019Austria invece \u00e8 in lieve ritardo con i lavori di scavo, fatto riconducibile a delle discussioni innalzatesi a causa della valutazione dell\u2019impatto ambientale (VIA).<br \/>\nIn un\u2019intervista tenuta all\u2019insegna di una conferenza in barca a Constantza (Romania), Jonathan Scheele, specifica con fermezza all\u2019 APA (Austrian Press Agency), che \u00e8 \u201c sicuro, che la Galleria si realizzer\u00e0\u201d. La deliberazione di costruzione definitiva, come menzionato, sopraggiunger\u00e0 entro la fine dell\u2019anno.<br \/>\nL\u2019unica preoccupazione di Scheele, riguardante il progetto BBT, sarebbe un eventuale annullamento del budget previsto per il progetto TEN dall\u2019UE, unico fattore che potrebbe causare un\u2019interruzione dei lavori attorno alla Galleria di Base del Brennero.<br \/>\nIl direttore della Commissione aggiunge che \u201c \u00e9 assolutamente improbabile che si presenti questa situazione\u201d poich\u00e9 gli stati membri dell\u2019UE&nbsp; avrebbero appena messo a disposizione la storica somma di 8 miliardi di Euro stanziati per il progetto TEN entro il 2013.&nbsp;<br \/>\nScheele rassicura \u201c \u00e8 impensabile che gli stati diano una svolta sostanziale alla decisione presa.\u201d L\u2019Unione Europea ha messo a disposizione all\u2019Italia e l\u2019Austria circa un terzo della somma dedicata al finanziamento della Nuova Galleria di Base del Brennero, la somma rimanete sar\u00e0 suddivisa in pari parti tra i due stati.<br \/>\nL\u2019Unione Europea assumer\u00e0 il 27% dei costi per il periodo di finanziamento corrente sino al 2013 \u00e8 manterr\u00e0 cosi facendo il proprio impegno, afferma il direttore Scheele.&nbsp;<br \/>\nL\u2019UE garantir\u00e0 inoltre&nbsp; il suo appoggio al progetto per un successivo terzo della somma d\u2019appalto solamente se le tasche per il progetto TEN saranno adeguatamente riempite anche dopo l\u2019anno 2013.<br \/>\n&nbsp;I lavori di scavo della galleria, per una lunghezza di 56 km, avranno inizio con il 2010 al contrario la fine dei lavori di costruzione \u00e8 prevista per il 2020, per il 2022 la Galleria di Base sar\u00e0 completamente attiva. I tempi di percorrenza della tratta Bolzano-Innsbruck si ridurranno da due ore a circa 50 min. di tragitto, per quel che riguarda il traffico merci, la capacit\u00e0 aumenter\u00e0 da 600.000 ad un numero di 1,8mio.&nbsp; di carico merci su container all\u2019 anno. In definitiva i costi di costruzione della galleria sono stimati&nbsp; intono agli 8 mld di Euro fino a fine progetto.<\/p>\n","protected":false},"excerpt":{"rendered":"<p>La costruzione della Galleria di Base del Brennero \u00e8 un dato di fatto, l\u2019opera si realizzer\u00e0. Circostanza, della quale Jonathan Scheele , direttore responsabile UE per il progetto TEN (Transit European Network) \u00e8 convinto. A Bruxelles, recentemente, non ci sono state indicazioni riguardanti un eventuale ritiro dell\u2019Italia dal progetto BBT, si tratta di voci non [&hellip;]<\/p>\n","protected":false},"author":3,"featured_media":0,"comment_status":"open","ping_status":"closed","sticky":false,"template":"","format":"standard","meta":{"_acf_changed":false,"footnotes":""},"categories":[216],"tags":[],"class_list":["post-55","post","type-post","status-publish","format-standard","hentry","category-news-ita"],"acf":[],"yoast_head":"<!-- This site is optimized with the Yoast SEO plugin v25.9 - https:\/\/yoast.com\/wordpress\/plugins\/seo\/ -->\n<title>Il BBT \u00e9 un dato di fatto - BBT<\/title>\n<meta name=\"robots\" content=\"index, follow, max-snippet:-1, max-image-preview:large, max-video-preview:-1\" \/>\n<link rel=\"canonical\" href=\"https:\/\/www.bbtinfo.eu\/it\/il-bbt-e-un-dato-di-fatto-2\/\" \/>\n<meta property=\"og:locale\" content=\"it_IT\" \/>\n<meta property=\"og:type\" content=\"article\" \/>\n<meta property=\"og:title\" content=\"Il BBT \u00e9 un dato di fatto - BBT\" \/>\n<meta property=\"og:description\" content=\"La costruzione della Galleria di Base del Brennero \u00e8 un dato di fatto, l\u2019opera si realizzer\u00e0. Circostanza, della quale Jonathan Scheele , direttore responsabile UE per il progetto TEN (Transit European Network) \u00e8 convinto. A Bruxelles, recentemente, non ci sono state indicazioni riguardanti un eventuale ritiro dell\u2019Italia dal progetto BBT, si tratta di voci non [&hellip;]\" \/>\n<meta property=\"og:url\" content=\"https:\/\/www.bbtinfo.eu\/it\/il-bbt-e-un-dato-di-fatto-2\/\" \/>\n<meta property=\"og:site_name\" content=\"BBT\" \/>\n<meta property=\"article:published_time\" content=\"2008-06-10T14:18:00+00:00\" \/>\n<meta name=\"author\" content=\"admin\" \/>\n<meta name=\"twitter:card\" content=\"summary_large_image\" \/>\n<meta name=\"twitter:label1\" content=\"Scritto da\" \/>\n\t<meta name=\"twitter:data1\" content=\"admin\" \/>\n\t<meta name=\"twitter:label2\" content=\"Tempo di lettura stimato\" \/>\n\t<meta name=\"twitter:data2\" content=\"2 minuti\" \/>\n<script type=\"application\/ld+json\" class=\"yoast-schema-graph\">{\"@context\":\"https:\/\/schema.org\",\"@graph\":[{\"@type\":\"WebPage\",\"@id\":\"https:\/\/www.bbtinfo.eu\/it\/il-bbt-e-un-dato-di-fatto-2\/\",\"url\":\"https:\/\/www.bbtinfo.eu\/it\/il-bbt-e-un-dato-di-fatto-2\/\",\"name\":\"Il BBT \u00e9 un dato di fatto - BBT\",\"isPartOf\":{\"@id\":\"https:\/\/www.bbtinfo.eu\/#website\"},\"datePublished\":\"2008-06-10T14:18:00+00:00\",\"author\":{\"@id\":\"https:\/\/www.bbtinfo.eu\/#\/schema\/person\/4d51b1b65a12d567939d4c3f62d61ba6\"},\"breadcrumb\":{\"@id\":\"https:\/\/www.bbtinfo.eu\/it\/il-bbt-e-un-dato-di-fatto-2\/#breadcrumb\"},\"inLanguage\":\"it-IT\",\"potentialAction\":[{\"@type\":\"ReadAction\",\"target\":[\"https:\/\/www.bbtinfo.eu\/it\/il-bbt-e-un-dato-di-fatto-2\/\"]}]},{\"@type\":\"BreadcrumbList\",\"@id\":\"https:\/\/www.bbtinfo.eu\/it\/il-bbt-e-un-dato-di-fatto-2\/#breadcrumb\",\"itemListElement\":[{\"@type\":\"ListItem\",\"position\":1,\"name\":\"Home\",\"item\":\"https:\/\/www.bbtinfo.eu\/it\/\"},{\"@type\":\"ListItem\",\"position\":2,\"name\":\"Il BBT \u00e9 un dato di fatto\"}]},{\"@type\":\"WebSite\",\"@id\":\"https:\/\/www.bbtinfo.eu\/#website\",\"url\":\"https:\/\/www.bbtinfo.eu\/\",\"name\":\"BBT\",\"description\":\"Weichen stellen f\u00fcr die Zukunft\",\"potentialAction\":[{\"@type\":\"SearchAction\",\"target\":{\"@type\":\"EntryPoint\",\"urlTemplate\":\"https:\/\/www.bbtinfo.eu\/?s={search_term_string}\"},\"query-input\":{\"@type\":\"PropertyValueSpecification\",\"valueRequired\":true,\"valueName\":\"search_term_string\"}}],\"inLanguage\":\"it-IT\"},{\"@type\":\"Person\",\"@id\":\"https:\/\/www.bbtinfo.eu\/#\/schema\/person\/4d51b1b65a12d567939d4c3f62d61ba6\",\"name\":\"admin\",\"image\":{\"@type\":\"ImageObject\",\"inLanguage\":\"it-IT\",\"@id\":\"https:\/\/www.bbtinfo.eu\/#\/schema\/person\/image\/\",\"url\":\"https:\/\/secure.gravatar.com\/avatar\/0a5e880ddf3043e695150cd04bd6e446293b717b88400af088e277dd161b7ebb?s=96&d=mm&r=g\",\"contentUrl\":\"https:\/\/secure.gravatar.com\/avatar\/0a5e880ddf3043e695150cd04bd6e446293b717b88400af088e277dd161b7ebb?s=96&d=mm&r=g\",\"caption\":\"admin\"},\"url\":\"https:\/\/www.bbtinfo.eu\/it\/author\/admin\/\"}]}<\/script>\n<!-- \/ Yoast SEO plugin. -->","yoast_head_json":{"title":"Il BBT \u00e9 un dato di fatto - BBT","robots":{"index":"index","follow":"follow","max-snippet":"max-snippet:-1","max-image-preview":"max-image-preview:large","max-video-preview":"max-video-preview:-1"},"canonical":"https:\/\/www.bbtinfo.eu\/it\/il-bbt-e-un-dato-di-fatto-2\/","og_locale":"it_IT","og_type":"article","og_title":"Il BBT \u00e9 un dato di fatto - BBT","og_description":"La costruzione della Galleria di Base del Brennero \u00e8 un dato di fatto, l\u2019opera si realizzer\u00e0. Circostanza, della quale Jonathan Scheele , direttore responsabile UE per il progetto TEN (Transit European Network) \u00e8 convinto. A Bruxelles, recentemente, non ci sono state indicazioni riguardanti un eventuale ritiro dell\u2019Italia dal progetto BBT, si tratta di voci non [&hellip;]","og_url":"https:\/\/www.bbtinfo.eu\/it\/il-bbt-e-un-dato-di-fatto-2\/","og_site_name":"BBT","article_published_time":"2008-06-10T14:18:00+00:00","author":"admin","twitter_card":"summary_large_image","twitter_misc":{"Scritto da":"admin","Tempo di lettura stimato":"2 minuti"},"schema":{"@context":"https:\/\/schema.org","@graph":[{"@type":"WebPage","@id":"https:\/\/www.bbtinfo.eu\/it\/il-bbt-e-un-dato-di-fatto-2\/","url":"https:\/\/www.bbtinfo.eu\/it\/il-bbt-e-un-dato-di-fatto-2\/","name":"Il BBT \u00e9 un dato di fatto - BBT","isPartOf":{"@id":"https:\/\/www.bbtinfo.eu\/#website"},"datePublished":"2008-06-10T14:18:00+00:00","author":{"@id":"https:\/\/www.bbtinfo.eu\/#\/schema\/person\/4d51b1b65a12d567939d4c3f62d61ba6"},"breadcrumb":{"@id":"https:\/\/www.bbtinfo.eu\/it\/il-bbt-e-un-dato-di-fatto-2\/#breadcrumb"},"inLanguage":"it-IT","potentialAction":[{"@type":"ReadAction","target":["https:\/\/www.bbtinfo.eu\/it\/il-bbt-e-un-dato-di-fatto-2\/"]}]},{"@type":"BreadcrumbList","@id":"https:\/\/www.bbtinfo.eu\/it\/il-bbt-e-un-dato-di-fatto-2\/#breadcrumb","itemListElement":[{"@type":"ListItem","position":1,"name":"Home","item":"https:\/\/www.bbtinfo.eu\/it\/"},{"@type":"ListItem","position":2,"name":"Il BBT \u00e9 un dato di fatto"}]},{"@type":"WebSite","@id":"https:\/\/www.bbtinfo.eu\/#website","url":"https:\/\/www.bbtinfo.eu\/","name":"BBT","description":"Weichen stellen f\u00fcr die Zukunft","potentialAction":[{"@type":"SearchAction","target":{"@type":"EntryPoint","urlTemplate":"https:\/\/www.bbtinfo.eu\/?s={search_term_string}"},"query-input":{"@type":"PropertyValueSpecification","valueRequired":true,"valueName":"search_term_string"}}],"inLanguage":"it-IT"},{"@type":"Person","@id":"https:\/\/www.bbtinfo.eu\/#\/schema\/person\/4d51b1b65a12d567939d4c3f62d61ba6","name":"admin","image":{"@type":"ImageObject","inLanguage":"it-IT","@id":"https:\/\/www.bbtinfo.eu\/#\/schema\/person\/image\/","url":"https:\/\/secure.gravatar.com\/avatar\/0a5e880ddf3043e695150cd04bd6e446293b717b88400af088e277dd161b7ebb?s=96&d=mm&r=g","contentUrl":"https:\/\/secure.gravatar.com\/avatar\/0a5e880ddf3043e695150cd04bd6e446293b717b88400af088e277dd161b7ebb?s=96&d=mm&r=g","caption":"admin"},"url":"https:\/\/www.bbtinfo.eu\/it\/author\/admin\/"}]}},"_links":{"self":[{"href":"https:\/\/www.bbtinfo.eu\/it\/wp-json\/wp\/v2\/posts\/55","targetHints":{"allow":["GET"]}}],"collection":[{"href":"https:\/\/www.bbtinfo.eu\/it\/wp-json\/wp\/v2\/posts"}],"about":[{"href":"https:\/\/www.bbtinfo.eu\/it\/wp-json\/wp\/v2\/types\/post"}],"author":[{"embeddable":true,"href":"https:\/\/www.bbtinfo.eu\/it\/wp-json\/wp\/v2\/users\/3"}],"replies":[{"embeddable":true,"href":"https:\/\/www.bbtinfo.eu\/it\/wp-json\/wp\/v2\/comments?post=55"}],"version-history":[{"count":0,"href":"https:\/\/www.bbtinfo.eu\/it\/wp-json\/wp\/v2\/posts\/55\/revisions"}],"wp:attachment":[{"href":"https:\/\/www.bbtinfo.eu\/it\/wp-json\/wp\/v2\/media?parent=55"}],"wp:term":[{"taxonomy":"category","embeddable":true,"href":"https:\/\/www.bbtinfo.eu\/it\/wp-json\/wp\/v2\/categories?post=55"},{"taxonomy":"post_tag","embeddable":true,"href":"https:\/\/www.bbtinfo.eu\/it\/wp-json\/wp\/v2\/tags?post=55"}],"curies":[{"name":"wp","href":"https:\/\/api.w.org\/{rel}","templated":true}]}}