{"id":548,"date":"2010-10-18T15:00:00","date_gmt":"2010-10-18T13:00:00","guid":{"rendered":"http:\/\/www.bbtinfo.eu\/wp_2013\/?p=548"},"modified":"2010-10-18T15:00:00","modified_gmt":"2010-10-18T13:00:00","slug":"commissione-trasporti-della-camera-dei-deputati-in-escursione-in-alto-adige-2","status":"publish","type":"post","link":"https:\/\/www.bbtinfo.eu\/it\/commissione-trasporti-della-camera-dei-deputati-in-escursione-in-alto-adige-2\/","title":{"rendered":"Commissione Trasporti della camera dei deputati in escursione in Alto Adige"},"content":{"rendered":"<p><b><span lang=\"IT\">I temi cardinali della visita della Commissione dei Trasporti trattano il potenziamento delle tratte ferroviarie esistenti, la costruzione della Galleria di Base del Brennero con le tratte de\u2019accesso, la politica di transito locale ed internazionale&nbsp; <\/span>e l\u2019importanza della raggiungibilit\u00e0.&nbsp;<br \/>\n <\/b><\/p>\n<p><span lang=\"IT\">La gita della delegazione trasversale del Bundestag (riuniti i rappresentanti dei partiti CSU, CDU, SPD, della sinistra ed i verdi)\u00e8 stata organizzata dalla responsabile della Commissione dei Trasporti Daniela Raab.<br \/>\n A colmare il programma hanno provveduto vari incontri e dialoghi con gli assessori provinciali, Thomas Widmann e Michl Laimer, la visita ai cantieri della Galleria di Base del Brennero e un dibattito con le unioni economiche in camera di commercio sul soggetto della raggiungibilit\u00e0. <\/span><\/p>\n<p><span lang=\"IT\">Nella foga del dibattito tra i rappresentati dell\u2019economia e la delegazione berlinese \u00e8 stato raggiunto il consenso di tutti in merito alla politica dei trasporti e la prevenzione del traffico, vista come unica soluzione per il futuro.<br \/>\n Il vertice della discussione centralizza proprio sull\u2019\u2019argomento dell\u2019accessibilit\u00e0. <\/span><\/p>\n<p><span lang=\"IT\">Il futuro successo dell\u2019economia in Alto Adige \u00e9 destato proprio dall\u2019argomento dell\u2019agibilit\u00e0, da essa dipende la certezza di futuri posti di lavoro, questa l\u2019opinione di Stefan Pan, presidente dell\u2019 unione degli imprenditori. &nbsp;<\/span>&nbsp;<br \/>\n Le imprese hanno bisogno di collegamenti &nbsp;pi\u00f9 efficaci e sopratutto pi\u00f9 affidabili.<br \/>\n &nbsp;In merito a questo, in Alto Adige, c\u2019\u00e8 una grande necessit\u00e0 di recupero soprattutto a riguardo dell\u2019asse ferroviario esistente, tiene a evidenziare Pan. &nbsp;&nbsp;&nbsp;<\/p>\n<p><span lang=\"IT\"><br \/>\n La delegazione di deputati si \u00e8 dimostrata molto curiosa dell\u2019intervento del leader dell\u2019Unione Agricoltori e Coltivatori diretti, <\/span>Leo Tiefenthaler, a riguardo del traffico e di futuri progetti infrastrutturali.<br \/>\n Il medesimo conviene naturalmente della grande importanza dell\u2019argomento per quanto riguarda l\u2019agricoltura ricordando che l\u2019esportazione di prodotti \u00e8 in continuo rialzo e offerte, come l&#8217;agriturismo, stanno riscontrando grande successo.<br \/>\n Motivo per il quale avere un buon grado di raggiungibilit\u00e0 diventa essenziale.<\/p>\n<p> A sostenere una posizione simile \u00e8 il presidente dell\u2019 Unione albergatori e pubblici esercenti (HGV), Walter Meister, che d\u2019un lato sottolinea la necessit\u00e0 del traffico che determina molte esistenze, d\u2019altra parte non ne smentisce il fattore negativo.&nbsp;&nbsp; <\/p>\n<p> Il trasporto di mezzi pensati su binario rappresenta un altro importante argomento sull\u2019ordine del giorno.<br \/>\n L\u2019imprenditore di trasporti (spedizioniere)Thomas Baumgartner evidenzia la realt\u00e0 che le spedizioni (aziende di spedizione) non ripongono tutte le loro speranze nella logistica su strada e che favoriscono un trasferimento delle merci su binario. Inoltre, \u00e8 un dato di fatto che su binario, a tal proposito, &nbsp;esiste a malapena competizione perch\u00e9 le compagnie ferroviarie nazionali non ne permettono.&nbsp; <\/p>\n<p><span lang=\"IT\">Baumgartner reclama quindi l\u2019abolizione di restrizioni e la liberalizzazione<\/span> del mercato, per gestire meglio il trasferimento del traffico pesante.<\/p>\n<p><span lang=\"IT\"><\/span>L\u2019esempio pi\u00f9 clamoroso \u00e8 la Rail Traction Company, come societ\u00e0 affiliata all\u2019Autostrade del Brennero Spa si addice gran parte dei trasporti di merci privati, lungo l\u2019asse ferroviario del Brennero. <\/p>\n<p><b>&gt;&gt; archivio news<\/b><span lang=\"IT\"><\/span><\/p>\n","protected":false},"excerpt":{"rendered":"<p>I temi cardinali della visita della Commissione dei Trasporti trattano il potenziamento delle tratte ferroviarie esistenti, la costruzione della Galleria di Base del Brennero con le tratte de\u2019accesso, la politica di transito locale ed internazionale&nbsp; e l\u2019importanza della raggiungibilit\u00e0.&nbsp; La gita della delegazione trasversale del Bundestag (riuniti i rappresentanti dei partiti CSU, CDU, SPD, della [&hellip;]<\/p>\n","protected":false},"author":3,"featured_media":0,"comment_status":"open","ping_status":"closed","sticky":false,"template":"","format":"standard","meta":{"_acf_changed":false,"footnotes":""},"categories":[216],"tags":[],"class_list":["post-548","post","type-post","status-publish","format-standard","hentry","category-news-ita"],"acf":[],"yoast_head":"<!-- This site is optimized with the Yoast SEO plugin v25.9 - https:\/\/yoast.com\/wordpress\/plugins\/seo\/ -->\n<title>Commissione Trasporti della camera dei deputati in escursione in Alto Adige - BBT<\/title>\n<meta name=\"robots\" content=\"index, follow, max-snippet:-1, max-image-preview:large, max-video-preview:-1\" \/>\n<link rel=\"canonical\" href=\"https:\/\/www.bbtinfo.eu\/it\/commissione-trasporti-della-camera-dei-deputati-in-escursione-in-alto-adige-2\/\" \/>\n<meta property=\"og:locale\" content=\"it_IT\" \/>\n<meta property=\"og:type\" content=\"article\" \/>\n<meta property=\"og:title\" content=\"Commissione Trasporti della camera dei deputati in escursione in Alto Adige - BBT\" \/>\n<meta property=\"og:description\" content=\"I temi cardinali della visita della Commissione dei Trasporti trattano il potenziamento delle tratte ferroviarie esistenti, la costruzione della Galleria di Base del Brennero con le tratte de\u2019accesso, la politica di transito locale ed internazionale&nbsp; e l\u2019importanza della raggiungibilit\u00e0.&nbsp; La gita della delegazione trasversale del Bundestag (riuniti i rappresentanti dei partiti CSU, CDU, SPD, della [&hellip;]\" \/>\n<meta property=\"og:url\" content=\"https:\/\/www.bbtinfo.eu\/it\/commissione-trasporti-della-camera-dei-deputati-in-escursione-in-alto-adige-2\/\" \/>\n<meta property=\"og:site_name\" content=\"BBT\" \/>\n<meta property=\"article:published_time\" content=\"2010-10-18T13:00:00+00:00\" \/>\n<meta name=\"author\" content=\"admin\" \/>\n<meta name=\"twitter:card\" content=\"summary_large_image\" \/>\n<meta name=\"twitter:label1\" content=\"Scritto da\" \/>\n\t<meta name=\"twitter:data1\" content=\"admin\" \/>\n\t<meta name=\"twitter:label2\" content=\"Tempo di lettura stimato\" \/>\n\t<meta name=\"twitter:data2\" content=\"2 minuti\" \/>\n<script type=\"application\/ld+json\" class=\"yoast-schema-graph\">{\"@context\":\"https:\/\/schema.org\",\"@graph\":[{\"@type\":\"WebPage\",\"@id\":\"https:\/\/www.bbtinfo.eu\/it\/commissione-trasporti-della-camera-dei-deputati-in-escursione-in-alto-adige-2\/\",\"url\":\"https:\/\/www.bbtinfo.eu\/it\/commissione-trasporti-della-camera-dei-deputati-in-escursione-in-alto-adige-2\/\",\"name\":\"Commissione Trasporti della camera dei deputati in escursione in Alto Adige - BBT\",\"isPartOf\":{\"@id\":\"https:\/\/www.bbtinfo.eu\/#website\"},\"datePublished\":\"2010-10-18T13:00:00+00:00\",\"author\":{\"@id\":\"https:\/\/www.bbtinfo.eu\/#\/schema\/person\/4d51b1b65a12d567939d4c3f62d61ba6\"},\"breadcrumb\":{\"@id\":\"https:\/\/www.bbtinfo.eu\/it\/commissione-trasporti-della-camera-dei-deputati-in-escursione-in-alto-adige-2\/#breadcrumb\"},\"inLanguage\":\"it-IT\",\"potentialAction\":[{\"@type\":\"ReadAction\",\"target\":[\"https:\/\/www.bbtinfo.eu\/it\/commissione-trasporti-della-camera-dei-deputati-in-escursione-in-alto-adige-2\/\"]}]},{\"@type\":\"BreadcrumbList\",\"@id\":\"https:\/\/www.bbtinfo.eu\/it\/commissione-trasporti-della-camera-dei-deputati-in-escursione-in-alto-adige-2\/#breadcrumb\",\"itemListElement\":[{\"@type\":\"ListItem\",\"position\":1,\"name\":\"Home\",\"item\":\"https:\/\/www.bbtinfo.eu\/it\/\"},{\"@type\":\"ListItem\",\"position\":2,\"name\":\"Commissione Trasporti della camera dei deputati in escursione in Alto Adige\"}]},{\"@type\":\"WebSite\",\"@id\":\"https:\/\/www.bbtinfo.eu\/#website\",\"url\":\"https:\/\/www.bbtinfo.eu\/\",\"name\":\"BBT\",\"description\":\"Weichen stellen f\u00fcr die Zukunft\",\"potentialAction\":[{\"@type\":\"SearchAction\",\"target\":{\"@type\":\"EntryPoint\",\"urlTemplate\":\"https:\/\/www.bbtinfo.eu\/?s={search_term_string}\"},\"query-input\":{\"@type\":\"PropertyValueSpecification\",\"valueRequired\":true,\"valueName\":\"search_term_string\"}}],\"inLanguage\":\"it-IT\"},{\"@type\":\"Person\",\"@id\":\"https:\/\/www.bbtinfo.eu\/#\/schema\/person\/4d51b1b65a12d567939d4c3f62d61ba6\",\"name\":\"admin\",\"image\":{\"@type\":\"ImageObject\",\"inLanguage\":\"it-IT\",\"@id\":\"https:\/\/www.bbtinfo.eu\/#\/schema\/person\/image\/\",\"url\":\"https:\/\/secure.gravatar.com\/avatar\/0a5e880ddf3043e695150cd04bd6e446293b717b88400af088e277dd161b7ebb?s=96&d=mm&r=g\",\"contentUrl\":\"https:\/\/secure.gravatar.com\/avatar\/0a5e880ddf3043e695150cd04bd6e446293b717b88400af088e277dd161b7ebb?s=96&d=mm&r=g\",\"caption\":\"admin\"},\"url\":\"https:\/\/www.bbtinfo.eu\/it\/author\/admin\/\"}]}<\/script>\n<!-- \/ Yoast SEO plugin. -->","yoast_head_json":{"title":"Commissione Trasporti della camera dei deputati in escursione in Alto Adige - BBT","robots":{"index":"index","follow":"follow","max-snippet":"max-snippet:-1","max-image-preview":"max-image-preview:large","max-video-preview":"max-video-preview:-1"},"canonical":"https:\/\/www.bbtinfo.eu\/it\/commissione-trasporti-della-camera-dei-deputati-in-escursione-in-alto-adige-2\/","og_locale":"it_IT","og_type":"article","og_title":"Commissione Trasporti della camera dei deputati in escursione in Alto Adige - BBT","og_description":"I temi cardinali della visita della Commissione dei Trasporti trattano il potenziamento delle tratte ferroviarie esistenti, la costruzione della Galleria di Base del Brennero con le tratte de\u2019accesso, la politica di transito locale ed internazionale&nbsp; e l\u2019importanza della raggiungibilit\u00e0.&nbsp; La gita della delegazione trasversale del Bundestag (riuniti i rappresentanti dei partiti CSU, CDU, SPD, della [&hellip;]","og_url":"https:\/\/www.bbtinfo.eu\/it\/commissione-trasporti-della-camera-dei-deputati-in-escursione-in-alto-adige-2\/","og_site_name":"BBT","article_published_time":"2010-10-18T13:00:00+00:00","author":"admin","twitter_card":"summary_large_image","twitter_misc":{"Scritto da":"admin","Tempo di lettura stimato":"2 minuti"},"schema":{"@context":"https:\/\/schema.org","@graph":[{"@type":"WebPage","@id":"https:\/\/www.bbtinfo.eu\/it\/commissione-trasporti-della-camera-dei-deputati-in-escursione-in-alto-adige-2\/","url":"https:\/\/www.bbtinfo.eu\/it\/commissione-trasporti-della-camera-dei-deputati-in-escursione-in-alto-adige-2\/","name":"Commissione Trasporti della camera dei deputati in escursione in Alto Adige - BBT","isPartOf":{"@id":"https:\/\/www.bbtinfo.eu\/#website"},"datePublished":"2010-10-18T13:00:00+00:00","author":{"@id":"https:\/\/www.bbtinfo.eu\/#\/schema\/person\/4d51b1b65a12d567939d4c3f62d61ba6"},"breadcrumb":{"@id":"https:\/\/www.bbtinfo.eu\/it\/commissione-trasporti-della-camera-dei-deputati-in-escursione-in-alto-adige-2\/#breadcrumb"},"inLanguage":"it-IT","potentialAction":[{"@type":"ReadAction","target":["https:\/\/www.bbtinfo.eu\/it\/commissione-trasporti-della-camera-dei-deputati-in-escursione-in-alto-adige-2\/"]}]},{"@type":"BreadcrumbList","@id":"https:\/\/www.bbtinfo.eu\/it\/commissione-trasporti-della-camera-dei-deputati-in-escursione-in-alto-adige-2\/#breadcrumb","itemListElement":[{"@type":"ListItem","position":1,"name":"Home","item":"https:\/\/www.bbtinfo.eu\/it\/"},{"@type":"ListItem","position":2,"name":"Commissione Trasporti della camera dei deputati in escursione in Alto Adige"}]},{"@type":"WebSite","@id":"https:\/\/www.bbtinfo.eu\/#website","url":"https:\/\/www.bbtinfo.eu\/","name":"BBT","description":"Weichen stellen f\u00fcr die Zukunft","potentialAction":[{"@type":"SearchAction","target":{"@type":"EntryPoint","urlTemplate":"https:\/\/www.bbtinfo.eu\/?s={search_term_string}"},"query-input":{"@type":"PropertyValueSpecification","valueRequired":true,"valueName":"search_term_string"}}],"inLanguage":"it-IT"},{"@type":"Person","@id":"https:\/\/www.bbtinfo.eu\/#\/schema\/person\/4d51b1b65a12d567939d4c3f62d61ba6","name":"admin","image":{"@type":"ImageObject","inLanguage":"it-IT","@id":"https:\/\/www.bbtinfo.eu\/#\/schema\/person\/image\/","url":"https:\/\/secure.gravatar.com\/avatar\/0a5e880ddf3043e695150cd04bd6e446293b717b88400af088e277dd161b7ebb?s=96&d=mm&r=g","contentUrl":"https:\/\/secure.gravatar.com\/avatar\/0a5e880ddf3043e695150cd04bd6e446293b717b88400af088e277dd161b7ebb?s=96&d=mm&r=g","caption":"admin"},"url":"https:\/\/www.bbtinfo.eu\/it\/author\/admin\/"}]}},"_links":{"self":[{"href":"https:\/\/www.bbtinfo.eu\/it\/wp-json\/wp\/v2\/posts\/548","targetHints":{"allow":["GET"]}}],"collection":[{"href":"https:\/\/www.bbtinfo.eu\/it\/wp-json\/wp\/v2\/posts"}],"about":[{"href":"https:\/\/www.bbtinfo.eu\/it\/wp-json\/wp\/v2\/types\/post"}],"author":[{"embeddable":true,"href":"https:\/\/www.bbtinfo.eu\/it\/wp-json\/wp\/v2\/users\/3"}],"replies":[{"embeddable":true,"href":"https:\/\/www.bbtinfo.eu\/it\/wp-json\/wp\/v2\/comments?post=548"}],"version-history":[{"count":0,"href":"https:\/\/www.bbtinfo.eu\/it\/wp-json\/wp\/v2\/posts\/548\/revisions"}],"wp:attachment":[{"href":"https:\/\/www.bbtinfo.eu\/it\/wp-json\/wp\/v2\/media?parent=548"}],"wp:term":[{"taxonomy":"category","embeddable":true,"href":"https:\/\/www.bbtinfo.eu\/it\/wp-json\/wp\/v2\/categories?post=548"},{"taxonomy":"post_tag","embeddable":true,"href":"https:\/\/www.bbtinfo.eu\/it\/wp-json\/wp\/v2\/tags?post=548"}],"curies":[{"name":"wp","href":"https:\/\/api.w.org\/{rel}","templated":true}]}}