{"id":3672,"date":"2013-05-28T00:00:00","date_gmt":"2013-05-27T22:00:00","guid":{"rendered":"http:\/\/www.bbtinfo.eu\/wp_2013\/?p=937"},"modified":"2013-05-28T00:00:00","modified_gmt":"2013-05-27T22:00:00","slug":"cantiere-bbt-sopralluogo-di-mussner-con-governatore-puhringer","status":"publish","type":"post","link":"https:\/\/www.bbtinfo.eu\/it\/cantiere-bbt-sopralluogo-di-mussner-con-governatore-puhringer\/","title":{"rendered":"Cantiere BBT: sopralluogo di Mussner con governatore P\u00fchringer"},"content":{"rendered":"<p><b><span lang=\"EN-US\">Le informazioni aggiornate sul cantiere del pi\u00f9 grande progetto infrastrutturale dell\u2019arco alpino sono state fornite dall\u2019assessore provinciale ai Lavori pubblici Florian Mussner al governatore dell\u2019Austria superiore Josef P\u00fchringer, in visita al tunnel di base del Brennero. \u201cUn progetto di valenza europea che collega le Alpi all\u2019Europa\u201d, ha sottolineato Mussner durante il sopralluogo.<\/span><\/b><span lang=\"EN-US\"><br \/>\n<\/span><\/p>\n<p><span lang=\"EN-US\">L&#8217;assessore Mussner e il responsabile della societ\u00e0 europea BBT SE Konrad Bergmeister hanno guidato il Landeshauptmann P\u00fchringer, in Alto Adige in questi giorni, nella visita al cantiere di Varna. Una tappa per informarsi sullo stato di avanzamento dei lavori e sul modello di finanziamento del progetto del secolo nei collegamenti tra nord e sud d&#8217;Europa.<\/span><\/p>\n<p><span lang=\"EN-US\">Mussner ha ribadito la valenza internazionale del tunnel di base, &quot;perch\u00e9 l&#8217;ammodernamento della ferrovia del Brennero \u00e8 lo snodo centrale dell&#8217;asse Berlino-Palermo e quindi una delle infrastrutture viarie pi\u00f9 importanti d&#8217;Europa.&quot; Un&#8217;opera che va considerata anche sotto l&#8217;aspetto ambientale: &quot;Grazie al potenziamento della ferrovia del Brennero possiamo favorire il trasferimento di una quota siginificativa di persone e merci dalla strada alla rotaia e ridurre traffico, rumore ed emissioni nocive.&quot;<br \/>\n<\/span><\/p>\n<p><span lang=\"EN-US\">Nel corso del sopralluogo si \u00e8 discusso anche dell&#8217;aspetto economico del progetto, considerato che le aziende locali sono notevolmente coinvolte nei lavori: &quot;Circa un terzo degli interventi viene svolto da imprese del Tirolo e dell&#8217;Alto Adige&quot;, ha riferito Mussner. Interessante si sta rivelando anche il fenomeno del &quot;turismo nel cantiere&quot;, che fa registrare un potenziale di 30mila nuovi ospiti, &quot;in particolare ingegneri e geologi che arrivano in alta val d&#8217;Isarco per osservare da vicino i lavori del BBT e conoscere le varie fasi di lavorazione in cantiere&quot;, ha detto Mussner. Per loro ma anche per tutti gli interessati la Giunta provinciale ha allestito l&#8217;infopoint di Fortezza, &quot;dove si possono raccogliere in modo chiaro e trasparente tutte le informazioni sul progetto e sui lavori in corso&quot;, ha concluso l&#8217;assessore.<\/span><\/p>\n<p><span lang=\"EN-US\">&nbsp;<\/span><\/p>\n","protected":false},"excerpt":{"rendered":"<p>Le informazioni aggiornate sul cantiere del pi\u00f9 grande progetto infrastrutturale dell\u2019arco alpino sono state fornite dall\u2019assessore provinciale ai Lavori pubblici Florian Mussner al governatore dell\u2019Austria superiore Josef P\u00fchringer, in visita al tunnel di base del Brennero. \u201cUn progetto di valenza europea che collega le Alpi all\u2019Europa\u201d, ha sottolineato Mussner durante il sopralluogo. L&#8217;assessore Mussner e [&hellip;]<\/p>\n","protected":false},"author":3,"featured_media":0,"comment_status":"open","ping_status":"closed","sticky":false,"template":"","format":"standard","meta":{"_acf_changed":false,"footnotes":""},"categories":[216],"tags":[],"class_list":["post-3672","post","type-post","status-publish","format-standard","hentry","category-news-ita"],"acf":[],"yoast_head":"<!-- This site is optimized with the Yoast SEO plugin v25.9 - https:\/\/yoast.com\/wordpress\/plugins\/seo\/ -->\n<title>Cantiere BBT: sopralluogo di Mussner con governatore P\u00fchringer - BBT<\/title>\n<meta name=\"robots\" content=\"index, follow, max-snippet:-1, max-image-preview:large, max-video-preview:-1\" \/>\n<link rel=\"canonical\" href=\"https:\/\/www.bbtinfo.eu\/it\/cantiere-bbt-sopralluogo-di-mussner-con-governatore-puhringer\/\" \/>\n<meta property=\"og:locale\" content=\"it_IT\" \/>\n<meta property=\"og:type\" content=\"article\" \/>\n<meta property=\"og:title\" content=\"Cantiere BBT: sopralluogo di Mussner con governatore P\u00fchringer - BBT\" \/>\n<meta property=\"og:description\" content=\"Le informazioni aggiornate sul cantiere del pi\u00f9 grande progetto infrastrutturale dell\u2019arco alpino sono state fornite dall\u2019assessore provinciale ai Lavori pubblici Florian Mussner al governatore dell\u2019Austria superiore Josef P\u00fchringer, in visita al tunnel di base del Brennero. \u201cUn progetto di valenza europea che collega le Alpi all\u2019Europa\u201d, ha sottolineato Mussner durante il sopralluogo. L&#8217;assessore Mussner e [&hellip;]\" \/>\n<meta property=\"og:url\" content=\"https:\/\/www.bbtinfo.eu\/it\/cantiere-bbt-sopralluogo-di-mussner-con-governatore-puhringer\/\" \/>\n<meta property=\"og:site_name\" content=\"BBT\" \/>\n<meta property=\"article:published_time\" content=\"2013-05-27T22:00:00+00:00\" \/>\n<meta name=\"author\" content=\"admin\" \/>\n<meta name=\"twitter:card\" content=\"summary_large_image\" \/>\n<meta name=\"twitter:label1\" content=\"Scritto da\" \/>\n\t<meta name=\"twitter:data1\" content=\"admin\" \/>\n\t<meta name=\"twitter:label2\" content=\"Tempo di lettura stimato\" \/>\n\t<meta name=\"twitter:data2\" content=\"2 minuti\" \/>\n<script type=\"application\/ld+json\" class=\"yoast-schema-graph\">{\"@context\":\"https:\/\/schema.org\",\"@graph\":[{\"@type\":\"WebPage\",\"@id\":\"https:\/\/www.bbtinfo.eu\/it\/cantiere-bbt-sopralluogo-di-mussner-con-governatore-puhringer\/\",\"url\":\"https:\/\/www.bbtinfo.eu\/it\/cantiere-bbt-sopralluogo-di-mussner-con-governatore-puhringer\/\",\"name\":\"Cantiere BBT: sopralluogo di Mussner con governatore P\u00fchringer - BBT\",\"isPartOf\":{\"@id\":\"https:\/\/www.bbtinfo.eu\/#website\"},\"datePublished\":\"2013-05-27T22:00:00+00:00\",\"author\":{\"@id\":\"https:\/\/www.bbtinfo.eu\/#\/schema\/person\/4d51b1b65a12d567939d4c3f62d61ba6\"},\"breadcrumb\":{\"@id\":\"https:\/\/www.bbtinfo.eu\/it\/cantiere-bbt-sopralluogo-di-mussner-con-governatore-puhringer\/#breadcrumb\"},\"inLanguage\":\"it-IT\",\"potentialAction\":[{\"@type\":\"ReadAction\",\"target\":[\"https:\/\/www.bbtinfo.eu\/it\/cantiere-bbt-sopralluogo-di-mussner-con-governatore-puhringer\/\"]}]},{\"@type\":\"BreadcrumbList\",\"@id\":\"https:\/\/www.bbtinfo.eu\/it\/cantiere-bbt-sopralluogo-di-mussner-con-governatore-puhringer\/#breadcrumb\",\"itemListElement\":[{\"@type\":\"ListItem\",\"position\":1,\"name\":\"Home\",\"item\":\"https:\/\/www.bbtinfo.eu\/it\/\"},{\"@type\":\"ListItem\",\"position\":2,\"name\":\"Cantiere BBT: sopralluogo di Mussner con governatore P\u00fchringer\"}]},{\"@type\":\"WebSite\",\"@id\":\"https:\/\/www.bbtinfo.eu\/#website\",\"url\":\"https:\/\/www.bbtinfo.eu\/\",\"name\":\"BBT\",\"description\":\"Weichen stellen f\u00fcr die Zukunft\",\"potentialAction\":[{\"@type\":\"SearchAction\",\"target\":{\"@type\":\"EntryPoint\",\"urlTemplate\":\"https:\/\/www.bbtinfo.eu\/?s={search_term_string}\"},\"query-input\":{\"@type\":\"PropertyValueSpecification\",\"valueRequired\":true,\"valueName\":\"search_term_string\"}}],\"inLanguage\":\"it-IT\"},{\"@type\":\"Person\",\"@id\":\"https:\/\/www.bbtinfo.eu\/#\/schema\/person\/4d51b1b65a12d567939d4c3f62d61ba6\",\"name\":\"admin\",\"image\":{\"@type\":\"ImageObject\",\"inLanguage\":\"it-IT\",\"@id\":\"https:\/\/www.bbtinfo.eu\/#\/schema\/person\/image\/\",\"url\":\"https:\/\/secure.gravatar.com\/avatar\/0a5e880ddf3043e695150cd04bd6e446293b717b88400af088e277dd161b7ebb?s=96&d=mm&r=g\",\"contentUrl\":\"https:\/\/secure.gravatar.com\/avatar\/0a5e880ddf3043e695150cd04bd6e446293b717b88400af088e277dd161b7ebb?s=96&d=mm&r=g\",\"caption\":\"admin\"},\"url\":\"https:\/\/www.bbtinfo.eu\/it\/author\/admin\/\"}]}<\/script>\n<!-- \/ Yoast SEO plugin. -->","yoast_head_json":{"title":"Cantiere BBT: sopralluogo di Mussner con governatore P\u00fchringer - BBT","robots":{"index":"index","follow":"follow","max-snippet":"max-snippet:-1","max-image-preview":"max-image-preview:large","max-video-preview":"max-video-preview:-1"},"canonical":"https:\/\/www.bbtinfo.eu\/it\/cantiere-bbt-sopralluogo-di-mussner-con-governatore-puhringer\/","og_locale":"it_IT","og_type":"article","og_title":"Cantiere BBT: sopralluogo di Mussner con governatore P\u00fchringer - BBT","og_description":"Le informazioni aggiornate sul cantiere del pi\u00f9 grande progetto infrastrutturale dell\u2019arco alpino sono state fornite dall\u2019assessore provinciale ai Lavori pubblici Florian Mussner al governatore dell\u2019Austria superiore Josef P\u00fchringer, in visita al tunnel di base del Brennero. \u201cUn progetto di valenza europea che collega le Alpi all\u2019Europa\u201d, ha sottolineato Mussner durante il sopralluogo. L&#8217;assessore Mussner e [&hellip;]","og_url":"https:\/\/www.bbtinfo.eu\/it\/cantiere-bbt-sopralluogo-di-mussner-con-governatore-puhringer\/","og_site_name":"BBT","article_published_time":"2013-05-27T22:00:00+00:00","author":"admin","twitter_card":"summary_large_image","twitter_misc":{"Scritto da":"admin","Tempo di lettura stimato":"2 minuti"},"schema":{"@context":"https:\/\/schema.org","@graph":[{"@type":"WebPage","@id":"https:\/\/www.bbtinfo.eu\/it\/cantiere-bbt-sopralluogo-di-mussner-con-governatore-puhringer\/","url":"https:\/\/www.bbtinfo.eu\/it\/cantiere-bbt-sopralluogo-di-mussner-con-governatore-puhringer\/","name":"Cantiere BBT: sopralluogo di Mussner con governatore P\u00fchringer - BBT","isPartOf":{"@id":"https:\/\/www.bbtinfo.eu\/#website"},"datePublished":"2013-05-27T22:00:00+00:00","author":{"@id":"https:\/\/www.bbtinfo.eu\/#\/schema\/person\/4d51b1b65a12d567939d4c3f62d61ba6"},"breadcrumb":{"@id":"https:\/\/www.bbtinfo.eu\/it\/cantiere-bbt-sopralluogo-di-mussner-con-governatore-puhringer\/#breadcrumb"},"inLanguage":"it-IT","potentialAction":[{"@type":"ReadAction","target":["https:\/\/www.bbtinfo.eu\/it\/cantiere-bbt-sopralluogo-di-mussner-con-governatore-puhringer\/"]}]},{"@type":"BreadcrumbList","@id":"https:\/\/www.bbtinfo.eu\/it\/cantiere-bbt-sopralluogo-di-mussner-con-governatore-puhringer\/#breadcrumb","itemListElement":[{"@type":"ListItem","position":1,"name":"Home","item":"https:\/\/www.bbtinfo.eu\/it\/"},{"@type":"ListItem","position":2,"name":"Cantiere BBT: sopralluogo di Mussner con governatore P\u00fchringer"}]},{"@type":"WebSite","@id":"https:\/\/www.bbtinfo.eu\/#website","url":"https:\/\/www.bbtinfo.eu\/","name":"BBT","description":"Weichen stellen f\u00fcr die Zukunft","potentialAction":[{"@type":"SearchAction","target":{"@type":"EntryPoint","urlTemplate":"https:\/\/www.bbtinfo.eu\/?s={search_term_string}"},"query-input":{"@type":"PropertyValueSpecification","valueRequired":true,"valueName":"search_term_string"}}],"inLanguage":"it-IT"},{"@type":"Person","@id":"https:\/\/www.bbtinfo.eu\/#\/schema\/person\/4d51b1b65a12d567939d4c3f62d61ba6","name":"admin","image":{"@type":"ImageObject","inLanguage":"it-IT","@id":"https:\/\/www.bbtinfo.eu\/#\/schema\/person\/image\/","url":"https:\/\/secure.gravatar.com\/avatar\/0a5e880ddf3043e695150cd04bd6e446293b717b88400af088e277dd161b7ebb?s=96&d=mm&r=g","contentUrl":"https:\/\/secure.gravatar.com\/avatar\/0a5e880ddf3043e695150cd04bd6e446293b717b88400af088e277dd161b7ebb?s=96&d=mm&r=g","caption":"admin"},"url":"https:\/\/www.bbtinfo.eu\/it\/author\/admin\/"}]}},"_links":{"self":[{"href":"https:\/\/www.bbtinfo.eu\/it\/wp-json\/wp\/v2\/posts\/3672","targetHints":{"allow":["GET"]}}],"collection":[{"href":"https:\/\/www.bbtinfo.eu\/it\/wp-json\/wp\/v2\/posts"}],"about":[{"href":"https:\/\/www.bbtinfo.eu\/it\/wp-json\/wp\/v2\/types\/post"}],"author":[{"embeddable":true,"href":"https:\/\/www.bbtinfo.eu\/it\/wp-json\/wp\/v2\/users\/3"}],"replies":[{"embeddable":true,"href":"https:\/\/www.bbtinfo.eu\/it\/wp-json\/wp\/v2\/comments?post=3672"}],"version-history":[{"count":0,"href":"https:\/\/www.bbtinfo.eu\/it\/wp-json\/wp\/v2\/posts\/3672\/revisions"}],"wp:attachment":[{"href":"https:\/\/www.bbtinfo.eu\/it\/wp-json\/wp\/v2\/media?parent=3672"}],"wp:term":[{"taxonomy":"category","embeddable":true,"href":"https:\/\/www.bbtinfo.eu\/it\/wp-json\/wp\/v2\/categories?post=3672"},{"taxonomy":"post_tag","embeddable":true,"href":"https:\/\/www.bbtinfo.eu\/it\/wp-json\/wp\/v2\/tags?post=3672"}],"curies":[{"name":"wp","href":"https:\/\/api.w.org\/{rel}","templated":true}]}}