{"id":3642,"date":"2012-04-16T00:00:00","date_gmt":"2012-04-15T22:00:00","guid":{"rendered":"http:\/\/www.bbtinfo.eu\/wp_2013\/?p=804"},"modified":"2012-04-16T00:00:00","modified_gmt":"2012-04-15T22:00:00","slug":"parroci-al-passo-coi-tempi-i-parrocci-delle-val-disarco-visitano-la-galleria-di-base-del-brennero","status":"publish","type":"post","link":"https:\/\/www.bbtinfo.eu\/it\/parroci-al-passo-coi-tempi-i-parrocci-delle-val-disarco-visitano-la-galleria-di-base-del-brennero\/","title":{"rendered":"&#8220;Parroci al passo coi tempi&#8221;: I parrocci delle Val d\u2019Isarco visitano la Galleria di Base del Brennero"},"content":{"rendered":"<p><span lang=\"EN-US\"><b>Dopo la visita dei parroci dell&#8217;Alta Val d\u2019Isarco, ora anche i parroci della Val d&#8217;Isarco vogliono toccare con mano e vedere con i propri occhi il progetto della Galleria di Base del Brennero.<\/b> Su iniziativa dell&#8217;Assessore Sabine Kasslatter Mur e il Decano di Chiusa Gottfried Fuchs sono stati organizzati un incontro informativo e una visita guidata nel cantiere di Mules; i parroci sono rimasti letteralmente entusiasti tanto del progetto della Galleria di Base del Brennero quanto delle tecnologie moderne utilizzate.<\/span><\/p>\n<p><span lang=\"EN-US\">Il direttore dell&#8217;Osservatorio Ambientale Martin Ausserdorfer ha innanzitutto illustrato il progetto Galleria di Base del Brennero ai visitatori, spiegando sia il potenziale che le sfide che il progetto propone. I parroci hanno mostrato particolare interesse per le tratte di accesso e per il tracciato di galleria. Soprattutto, per\u00f2, sono rimasti sbalorditi dalle informazioni fuorvianti ed erronee che sono state diffuse sul progetto. Il fatto che i treni in futuro attraverseranno i comuni tra Fortezza e Ponte Gardena in sotterraneo risolvendo cos\u00ec il problema dell&#8217;inquinamento acustico ha trovato particolare approvazione.<\/span><\/p>\n<p><span lang=\"EN-US\">I parroci erano molto lieti di avere finalmente ottenuto informazioni di prima mano sul progetto, anche perch\u00e9 sono spesso stati coinvolti in discussioni nelle proprie parrocchie, tanto da voler avere finalmente delle informazioni concrete e dirette, ma soprattutto veritiere. <\/span><\/p>\n<p><span lang=\"EN-US\">Sono rimasti molto colpiti dalla temperatura riscontrata ad una profondit\u00e0 di 800 metri dentro all&#8217;ammasso roccioso. Uno degli ospiti ha concluso l&#8217;incontro con un pizzico di ilarit\u00e0, spiegando l&#8217;interesse per il progetto della Galleria di Base del Brennero perch\u00e9 &quot;siamo parroci moderni&quot;.<\/span><\/p>\n<p><b>&gt;&gt; archivio news<\/b><\/p>\n","protected":false},"excerpt":{"rendered":"<p>Dopo la visita dei parroci dell&#8217;Alta Val d\u2019Isarco, ora anche i parroci della Val d&#8217;Isarco vogliono toccare con mano e vedere con i propri occhi il progetto della Galleria di Base del Brennero. Su iniziativa dell&#8217;Assessore Sabine Kasslatter Mur e il Decano di Chiusa Gottfried Fuchs sono stati organizzati un incontro informativo e una visita [&hellip;]<\/p>\n","protected":false},"author":3,"featured_media":0,"comment_status":"open","ping_status":"closed","sticky":false,"template":"","format":"standard","meta":{"_acf_changed":false,"footnotes":""},"categories":[216],"tags":[],"class_list":["post-3642","post","type-post","status-publish","format-standard","hentry","category-news-ita"],"acf":[],"yoast_head":"<!-- This site is optimized with the Yoast SEO plugin v25.9 - https:\/\/yoast.com\/wordpress\/plugins\/seo\/ -->\n<title>&quot;Parroci al passo coi tempi&quot;: I parrocci delle Val d\u2019Isarco visitano la Galleria di Base del Brennero - BBT<\/title>\n<meta name=\"robots\" content=\"index, follow, max-snippet:-1, max-image-preview:large, max-video-preview:-1\" \/>\n<link rel=\"canonical\" href=\"https:\/\/www.bbtinfo.eu\/it\/parroci-al-passo-coi-tempi-i-parrocci-delle-val-disarco-visitano-la-galleria-di-base-del-brennero\/\" \/>\n<meta property=\"og:locale\" content=\"it_IT\" \/>\n<meta property=\"og:type\" content=\"article\" \/>\n<meta property=\"og:title\" content=\"&quot;Parroci al passo coi tempi&quot;: I parrocci delle Val d\u2019Isarco visitano la Galleria di Base del Brennero - BBT\" \/>\n<meta property=\"og:description\" content=\"Dopo la visita dei parroci dell&#8217;Alta Val d\u2019Isarco, ora anche i parroci della Val d&#8217;Isarco vogliono toccare con mano e vedere con i propri occhi il progetto della Galleria di Base del Brennero. Su iniziativa dell&#8217;Assessore Sabine Kasslatter Mur e il Decano di Chiusa Gottfried Fuchs sono stati organizzati un incontro informativo e una visita [&hellip;]\" \/>\n<meta property=\"og:url\" content=\"https:\/\/www.bbtinfo.eu\/it\/parroci-al-passo-coi-tempi-i-parrocci-delle-val-disarco-visitano-la-galleria-di-base-del-brennero\/\" \/>\n<meta property=\"og:site_name\" content=\"BBT\" \/>\n<meta property=\"article:published_time\" content=\"2012-04-15T22:00:00+00:00\" \/>\n<meta name=\"author\" content=\"admin\" \/>\n<meta name=\"twitter:card\" content=\"summary_large_image\" \/>\n<meta name=\"twitter:label1\" content=\"Scritto da\" \/>\n\t<meta name=\"twitter:data1\" content=\"admin\" \/>\n\t<meta name=\"twitter:label2\" content=\"Tempo di lettura stimato\" \/>\n\t<meta name=\"twitter:data2\" content=\"1 minuto\" \/>\n<script type=\"application\/ld+json\" class=\"yoast-schema-graph\">{\"@context\":\"https:\/\/schema.org\",\"@graph\":[{\"@type\":\"WebPage\",\"@id\":\"https:\/\/www.bbtinfo.eu\/it\/parroci-al-passo-coi-tempi-i-parrocci-delle-val-disarco-visitano-la-galleria-di-base-del-brennero\/\",\"url\":\"https:\/\/www.bbtinfo.eu\/it\/parroci-al-passo-coi-tempi-i-parrocci-delle-val-disarco-visitano-la-galleria-di-base-del-brennero\/\",\"name\":\"\\\"Parroci al passo coi tempi\\\": I parrocci delle Val d\u2019Isarco visitano la Galleria di Base del Brennero - BBT\",\"isPartOf\":{\"@id\":\"https:\/\/www.bbtinfo.eu\/#website\"},\"datePublished\":\"2012-04-15T22:00:00+00:00\",\"author\":{\"@id\":\"https:\/\/www.bbtinfo.eu\/#\/schema\/person\/4d51b1b65a12d567939d4c3f62d61ba6\"},\"breadcrumb\":{\"@id\":\"https:\/\/www.bbtinfo.eu\/it\/parroci-al-passo-coi-tempi-i-parrocci-delle-val-disarco-visitano-la-galleria-di-base-del-brennero\/#breadcrumb\"},\"inLanguage\":\"it-IT\",\"potentialAction\":[{\"@type\":\"ReadAction\",\"target\":[\"https:\/\/www.bbtinfo.eu\/it\/parroci-al-passo-coi-tempi-i-parrocci-delle-val-disarco-visitano-la-galleria-di-base-del-brennero\/\"]}]},{\"@type\":\"BreadcrumbList\",\"@id\":\"https:\/\/www.bbtinfo.eu\/it\/parroci-al-passo-coi-tempi-i-parrocci-delle-val-disarco-visitano-la-galleria-di-base-del-brennero\/#breadcrumb\",\"itemListElement\":[{\"@type\":\"ListItem\",\"position\":1,\"name\":\"Home\",\"item\":\"https:\/\/www.bbtinfo.eu\/it\/\"},{\"@type\":\"ListItem\",\"position\":2,\"name\":\"&#8220;Parroci al passo coi tempi&#8221;: I parrocci delle Val d\u2019Isarco visitano la Galleria di Base del Brennero\"}]},{\"@type\":\"WebSite\",\"@id\":\"https:\/\/www.bbtinfo.eu\/#website\",\"url\":\"https:\/\/www.bbtinfo.eu\/\",\"name\":\"BBT\",\"description\":\"Weichen stellen f\u00fcr die Zukunft\",\"potentialAction\":[{\"@type\":\"SearchAction\",\"target\":{\"@type\":\"EntryPoint\",\"urlTemplate\":\"https:\/\/www.bbtinfo.eu\/?s={search_term_string}\"},\"query-input\":{\"@type\":\"PropertyValueSpecification\",\"valueRequired\":true,\"valueName\":\"search_term_string\"}}],\"inLanguage\":\"it-IT\"},{\"@type\":\"Person\",\"@id\":\"https:\/\/www.bbtinfo.eu\/#\/schema\/person\/4d51b1b65a12d567939d4c3f62d61ba6\",\"name\":\"admin\",\"image\":{\"@type\":\"ImageObject\",\"inLanguage\":\"it-IT\",\"@id\":\"https:\/\/www.bbtinfo.eu\/#\/schema\/person\/image\/\",\"url\":\"https:\/\/secure.gravatar.com\/avatar\/0a5e880ddf3043e695150cd04bd6e446293b717b88400af088e277dd161b7ebb?s=96&d=mm&r=g\",\"contentUrl\":\"https:\/\/secure.gravatar.com\/avatar\/0a5e880ddf3043e695150cd04bd6e446293b717b88400af088e277dd161b7ebb?s=96&d=mm&r=g\",\"caption\":\"admin\"},\"url\":\"https:\/\/www.bbtinfo.eu\/it\/author\/admin\/\"}]}<\/script>\n<!-- \/ Yoast SEO plugin. -->","yoast_head_json":{"title":"\"Parroci al passo coi tempi\": I parrocci delle Val d\u2019Isarco visitano la Galleria di Base del Brennero - BBT","robots":{"index":"index","follow":"follow","max-snippet":"max-snippet:-1","max-image-preview":"max-image-preview:large","max-video-preview":"max-video-preview:-1"},"canonical":"https:\/\/www.bbtinfo.eu\/it\/parroci-al-passo-coi-tempi-i-parrocci-delle-val-disarco-visitano-la-galleria-di-base-del-brennero\/","og_locale":"it_IT","og_type":"article","og_title":"\"Parroci al passo coi tempi\": I parrocci delle Val d\u2019Isarco visitano la Galleria di Base del Brennero - BBT","og_description":"Dopo la visita dei parroci dell&#8217;Alta Val d\u2019Isarco, ora anche i parroci della Val d&#8217;Isarco vogliono toccare con mano e vedere con i propri occhi il progetto della Galleria di Base del Brennero. Su iniziativa dell&#8217;Assessore Sabine Kasslatter Mur e il Decano di Chiusa Gottfried Fuchs sono stati organizzati un incontro informativo e una visita [&hellip;]","og_url":"https:\/\/www.bbtinfo.eu\/it\/parroci-al-passo-coi-tempi-i-parrocci-delle-val-disarco-visitano-la-galleria-di-base-del-brennero\/","og_site_name":"BBT","article_published_time":"2012-04-15T22:00:00+00:00","author":"admin","twitter_card":"summary_large_image","twitter_misc":{"Scritto da":"admin","Tempo di lettura stimato":"1 minuto"},"schema":{"@context":"https:\/\/schema.org","@graph":[{"@type":"WebPage","@id":"https:\/\/www.bbtinfo.eu\/it\/parroci-al-passo-coi-tempi-i-parrocci-delle-val-disarco-visitano-la-galleria-di-base-del-brennero\/","url":"https:\/\/www.bbtinfo.eu\/it\/parroci-al-passo-coi-tempi-i-parrocci-delle-val-disarco-visitano-la-galleria-di-base-del-brennero\/","name":"\"Parroci al passo coi tempi\": I parrocci delle Val d\u2019Isarco visitano la Galleria di Base del Brennero - BBT","isPartOf":{"@id":"https:\/\/www.bbtinfo.eu\/#website"},"datePublished":"2012-04-15T22:00:00+00:00","author":{"@id":"https:\/\/www.bbtinfo.eu\/#\/schema\/person\/4d51b1b65a12d567939d4c3f62d61ba6"},"breadcrumb":{"@id":"https:\/\/www.bbtinfo.eu\/it\/parroci-al-passo-coi-tempi-i-parrocci-delle-val-disarco-visitano-la-galleria-di-base-del-brennero\/#breadcrumb"},"inLanguage":"it-IT","potentialAction":[{"@type":"ReadAction","target":["https:\/\/www.bbtinfo.eu\/it\/parroci-al-passo-coi-tempi-i-parrocci-delle-val-disarco-visitano-la-galleria-di-base-del-brennero\/"]}]},{"@type":"BreadcrumbList","@id":"https:\/\/www.bbtinfo.eu\/it\/parroci-al-passo-coi-tempi-i-parrocci-delle-val-disarco-visitano-la-galleria-di-base-del-brennero\/#breadcrumb","itemListElement":[{"@type":"ListItem","position":1,"name":"Home","item":"https:\/\/www.bbtinfo.eu\/it\/"},{"@type":"ListItem","position":2,"name":"&#8220;Parroci al passo coi tempi&#8221;: I parrocci delle Val d\u2019Isarco visitano la Galleria di Base del Brennero"}]},{"@type":"WebSite","@id":"https:\/\/www.bbtinfo.eu\/#website","url":"https:\/\/www.bbtinfo.eu\/","name":"BBT","description":"Weichen stellen f\u00fcr die Zukunft","potentialAction":[{"@type":"SearchAction","target":{"@type":"EntryPoint","urlTemplate":"https:\/\/www.bbtinfo.eu\/?s={search_term_string}"},"query-input":{"@type":"PropertyValueSpecification","valueRequired":true,"valueName":"search_term_string"}}],"inLanguage":"it-IT"},{"@type":"Person","@id":"https:\/\/www.bbtinfo.eu\/#\/schema\/person\/4d51b1b65a12d567939d4c3f62d61ba6","name":"admin","image":{"@type":"ImageObject","inLanguage":"it-IT","@id":"https:\/\/www.bbtinfo.eu\/#\/schema\/person\/image\/","url":"https:\/\/secure.gravatar.com\/avatar\/0a5e880ddf3043e695150cd04bd6e446293b717b88400af088e277dd161b7ebb?s=96&d=mm&r=g","contentUrl":"https:\/\/secure.gravatar.com\/avatar\/0a5e880ddf3043e695150cd04bd6e446293b717b88400af088e277dd161b7ebb?s=96&d=mm&r=g","caption":"admin"},"url":"https:\/\/www.bbtinfo.eu\/it\/author\/admin\/"}]}},"_links":{"self":[{"href":"https:\/\/www.bbtinfo.eu\/it\/wp-json\/wp\/v2\/posts\/3642","targetHints":{"allow":["GET"]}}],"collection":[{"href":"https:\/\/www.bbtinfo.eu\/it\/wp-json\/wp\/v2\/posts"}],"about":[{"href":"https:\/\/www.bbtinfo.eu\/it\/wp-json\/wp\/v2\/types\/post"}],"author":[{"embeddable":true,"href":"https:\/\/www.bbtinfo.eu\/it\/wp-json\/wp\/v2\/users\/3"}],"replies":[{"embeddable":true,"href":"https:\/\/www.bbtinfo.eu\/it\/wp-json\/wp\/v2\/comments?post=3642"}],"version-history":[{"count":0,"href":"https:\/\/www.bbtinfo.eu\/it\/wp-json\/wp\/v2\/posts\/3642\/revisions"}],"wp:attachment":[{"href":"https:\/\/www.bbtinfo.eu\/it\/wp-json\/wp\/v2\/media?parent=3642"}],"wp:term":[{"taxonomy":"category","embeddable":true,"href":"https:\/\/www.bbtinfo.eu\/it\/wp-json\/wp\/v2\/categories?post=3642"},{"taxonomy":"post_tag","embeddable":true,"href":"https:\/\/www.bbtinfo.eu\/it\/wp-json\/wp\/v2\/tags?post=3642"}],"curies":[{"name":"wp","href":"https:\/\/api.w.org\/{rel}","templated":true}]}}