{"id":3610,"date":"2011-03-25T08:41:00","date_gmt":"2011-03-25T06:53:00","guid":{"rendered":"http:\/\/www.bbtinfo.eu\/wp_2013\/?p=642"},"modified":"2011-03-25T08:41:00","modified_gmt":"2011-03-25T06:53:00","slug":"tunnel-del-brennero-obiettivo-sicurezza-riunione-del-gruppo-di-lavoro","status":"publish","type":"post","link":"https:\/\/www.bbtinfo.eu\/it\/tunnel-del-brennero-obiettivo-sicurezza-riunione-del-gruppo-di-lavoro\/","title":{"rendered":"Tunnel del Brennero: obiettivo sicurezza, riunione del gruppo di lavoro"},"content":{"rendered":"<p><b><span lang=\"IT\">E\u2019 tornato a riunirsi nei giorni scorsi il gruppo di lavoro che gestisce le questioni concernenti la sicurezza all\u2019interno dei cantieri della Galleria di Base del Brennero.<br \/>\n Alla riunione, svolta sotto la presidente del direttore della Ripartizione provinciale lavoro, Helmuth Sinn, ha partecipato anche l\u2019amministratore delegato di BBT SE, Raffaele Zurlo.<\/span><\/b><\/p>\n<p><span lang=\"IT\">Il compito del gruppo \u00e8 di monitorare gli aspetti sanitari e quelli concernenti la sicurezza durante i lavori di realizzazione della Galleria di Base del Brennero. Dopo aver fatto il punto della situazione sullo stato di avanzamento del cunicolo esplorativo, che dovrebbe concludersi gi\u00e0 entro la fine di questo mese (&quot;in quel momento si aprir\u00e0 un nuovo capitolo per il BBT&quot; ha commentato Zurlo), sono stati presentati una serie di dati sull&#8217;attivit\u00e0 svolta in tema di sicurezza. Sino ad oggi, presso i cantieri di Aica e di Mules, sono state 48 le imprese che hanno effettuato dei lavori, e in totale si sono registrati 827 verbali di sopralluogo riguardanti la sicurezza sul posto di lavoro e 654 sopralluoghi di cantiere.<\/span><\/p>\n<p><span lang=\"IT\">Il prossimo lotto dei lavori del&nbsp;tunnel di base del Brennero riguarda un tratto di circa 1.600 metri che va ad intersecare il cosiddetto lineamento periadriatico. &quot;Il livello di attenzione dovr\u00e0 essere ancora maggiore &#8211; ha sottolineato Helmuth Sinn &#8211; perch\u00e9 in questo tratto il rischio di incidenti \u00e8 pi\u00f9 elevato&quot;. Per motivi di carattere idro-geologico, infatti, questo lotto si presenta particolarmente delicato a causa del pericolo di distacco di materiale franoso. Non \u00e8 un caso, infatti, che lungo questi 1.600 metri le operazioni di scavo non possano essere svolte con l&#8217;utilizzo della fresa, ma seguendo il metodo tradizionale.<\/span><\/p>\n<p><span lang=\"IT\">L&#8217;assessore provinciale al lavoro Roberto Bizzo si dichiara infine &quot;soddisfatto per la ripresa degli incontri periodici del gruppo di lavoro sulla sicurezza all&#8217;interno del tunnel del Brennero\u201d. <\/span><\/p>\n<p><span lang=\"IT\">L&#8217;obiettivo comune della Giunta provinciale e di BBT SE \u00e8 quello ,di gestire i cantieri in maniera esemplare, impegnandosi a fondo per evitare che sui luoghi di lavoro si verifichino incidenti gravi o dalle conseguenze mortali&quot;.<\/span><\/p>\n<p>Quelle: <a href=\"http:\/\/www.provinz.bz.it\/lpa\/285.asp?aktuelles_action=4&amp;amp;aktuelles_article_id=356543\">USP<\/a> (mb)&nbsp;<\/p>\n<p><b>&gt;&gt; archivio news<\/b><\/p>\n","protected":false},"excerpt":{"rendered":"<p>E\u2019 tornato a riunirsi nei giorni scorsi il gruppo di lavoro che gestisce le questioni concernenti la sicurezza all\u2019interno dei cantieri della Galleria di Base del Brennero. Alla riunione, svolta sotto la presidente del direttore della Ripartizione provinciale lavoro, Helmuth Sinn, ha partecipato anche l\u2019amministratore delegato di BBT SE, Raffaele Zurlo. Il compito del gruppo [&hellip;]<\/p>\n","protected":false},"author":2,"featured_media":0,"comment_status":"open","ping_status":"closed","sticky":false,"template":"","format":"standard","meta":{"_acf_changed":false,"footnotes":""},"categories":[216],"tags":[],"class_list":["post-3610","post","type-post","status-publish","format-standard","hentry","category-news-ita"],"acf":[],"yoast_head":"<!-- This site is optimized with the Yoast SEO plugin v25.9 - https:\/\/yoast.com\/wordpress\/plugins\/seo\/ -->\n<title>Tunnel del Brennero: obiettivo sicurezza, riunione del gruppo di lavoro - BBT<\/title>\n<meta name=\"robots\" content=\"index, follow, max-snippet:-1, max-image-preview:large, max-video-preview:-1\" \/>\n<link rel=\"canonical\" href=\"https:\/\/www.bbtinfo.eu\/it\/tunnel-del-brennero-obiettivo-sicurezza-riunione-del-gruppo-di-lavoro\/\" \/>\n<meta property=\"og:locale\" content=\"it_IT\" \/>\n<meta property=\"og:type\" content=\"article\" \/>\n<meta property=\"og:title\" content=\"Tunnel del Brennero: obiettivo sicurezza, riunione del gruppo di lavoro - BBT\" \/>\n<meta property=\"og:description\" content=\"E\u2019 tornato a riunirsi nei giorni scorsi il gruppo di lavoro che gestisce le questioni concernenti la sicurezza all\u2019interno dei cantieri della Galleria di Base del Brennero. Alla riunione, svolta sotto la presidente del direttore della Ripartizione provinciale lavoro, Helmuth Sinn, ha partecipato anche l\u2019amministratore delegato di BBT SE, Raffaele Zurlo. Il compito del gruppo [&hellip;]\" \/>\n<meta property=\"og:url\" content=\"https:\/\/www.bbtinfo.eu\/it\/tunnel-del-brennero-obiettivo-sicurezza-riunione-del-gruppo-di-lavoro\/\" \/>\n<meta property=\"og:site_name\" content=\"BBT\" \/>\n<meta property=\"article:published_time\" content=\"2011-03-25T06:53:00+00:00\" \/>\n<meta name=\"author\" content=\"Redakteur\" \/>\n<meta name=\"twitter:card\" content=\"summary_large_image\" \/>\n<meta name=\"twitter:label1\" content=\"Scritto da\" \/>\n\t<meta name=\"twitter:data1\" content=\"Redakteur\" \/>\n\t<meta name=\"twitter:label2\" content=\"Tempo di lettura stimato\" \/>\n\t<meta name=\"twitter:data2\" content=\"2 minuti\" \/>\n<script type=\"application\/ld+json\" class=\"yoast-schema-graph\">{\"@context\":\"https:\/\/schema.org\",\"@graph\":[{\"@type\":\"WebPage\",\"@id\":\"https:\/\/www.bbtinfo.eu\/it\/tunnel-del-brennero-obiettivo-sicurezza-riunione-del-gruppo-di-lavoro\/\",\"url\":\"https:\/\/www.bbtinfo.eu\/it\/tunnel-del-brennero-obiettivo-sicurezza-riunione-del-gruppo-di-lavoro\/\",\"name\":\"Tunnel del Brennero: obiettivo sicurezza, riunione del gruppo di lavoro - BBT\",\"isPartOf\":{\"@id\":\"https:\/\/www.bbtinfo.eu\/#website\"},\"datePublished\":\"2011-03-25T06:53:00+00:00\",\"author\":{\"@id\":\"https:\/\/www.bbtinfo.eu\/#\/schema\/person\/2aa55724db60ee2fd003fd640f1b1486\"},\"breadcrumb\":{\"@id\":\"https:\/\/www.bbtinfo.eu\/it\/tunnel-del-brennero-obiettivo-sicurezza-riunione-del-gruppo-di-lavoro\/#breadcrumb\"},\"inLanguage\":\"it-IT\",\"potentialAction\":[{\"@type\":\"ReadAction\",\"target\":[\"https:\/\/www.bbtinfo.eu\/it\/tunnel-del-brennero-obiettivo-sicurezza-riunione-del-gruppo-di-lavoro\/\"]}]},{\"@type\":\"BreadcrumbList\",\"@id\":\"https:\/\/www.bbtinfo.eu\/it\/tunnel-del-brennero-obiettivo-sicurezza-riunione-del-gruppo-di-lavoro\/#breadcrumb\",\"itemListElement\":[{\"@type\":\"ListItem\",\"position\":1,\"name\":\"Home\",\"item\":\"https:\/\/www.bbtinfo.eu\/it\/\"},{\"@type\":\"ListItem\",\"position\":2,\"name\":\"Tunnel del Brennero: obiettivo sicurezza, riunione del gruppo di lavoro\"}]},{\"@type\":\"WebSite\",\"@id\":\"https:\/\/www.bbtinfo.eu\/#website\",\"url\":\"https:\/\/www.bbtinfo.eu\/\",\"name\":\"BBT\",\"description\":\"Weichen stellen f\u00fcr die Zukunft\",\"potentialAction\":[{\"@type\":\"SearchAction\",\"target\":{\"@type\":\"EntryPoint\",\"urlTemplate\":\"https:\/\/www.bbtinfo.eu\/?s={search_term_string}\"},\"query-input\":{\"@type\":\"PropertyValueSpecification\",\"valueRequired\":true,\"valueName\":\"search_term_string\"}}],\"inLanguage\":\"it-IT\"},{\"@type\":\"Person\",\"@id\":\"https:\/\/www.bbtinfo.eu\/#\/schema\/person\/2aa55724db60ee2fd003fd640f1b1486\",\"name\":\"Redakteur\",\"image\":{\"@type\":\"ImageObject\",\"inLanguage\":\"it-IT\",\"@id\":\"https:\/\/www.bbtinfo.eu\/#\/schema\/person\/image\/\",\"url\":\"https:\/\/secure.gravatar.com\/avatar\/42729716e275dac8819c1403dcd0f948a888da8f76af593d32566a643889bee9?s=96&d=mm&r=g\",\"contentUrl\":\"https:\/\/secure.gravatar.com\/avatar\/42729716e275dac8819c1403dcd0f948a888da8f76af593d32566a643889bee9?s=96&d=mm&r=g\",\"caption\":\"Redakteur\"},\"url\":\"https:\/\/www.bbtinfo.eu\/it\/author\/redakteur\/\"}]}<\/script>\n<!-- \/ Yoast SEO plugin. -->","yoast_head_json":{"title":"Tunnel del Brennero: obiettivo sicurezza, riunione del gruppo di lavoro - BBT","robots":{"index":"index","follow":"follow","max-snippet":"max-snippet:-1","max-image-preview":"max-image-preview:large","max-video-preview":"max-video-preview:-1"},"canonical":"https:\/\/www.bbtinfo.eu\/it\/tunnel-del-brennero-obiettivo-sicurezza-riunione-del-gruppo-di-lavoro\/","og_locale":"it_IT","og_type":"article","og_title":"Tunnel del Brennero: obiettivo sicurezza, riunione del gruppo di lavoro - BBT","og_description":"E\u2019 tornato a riunirsi nei giorni scorsi il gruppo di lavoro che gestisce le questioni concernenti la sicurezza all\u2019interno dei cantieri della Galleria di Base del Brennero. Alla riunione, svolta sotto la presidente del direttore della Ripartizione provinciale lavoro, Helmuth Sinn, ha partecipato anche l\u2019amministratore delegato di BBT SE, Raffaele Zurlo. Il compito del gruppo [&hellip;]","og_url":"https:\/\/www.bbtinfo.eu\/it\/tunnel-del-brennero-obiettivo-sicurezza-riunione-del-gruppo-di-lavoro\/","og_site_name":"BBT","article_published_time":"2011-03-25T06:53:00+00:00","author":"Redakteur","twitter_card":"summary_large_image","twitter_misc":{"Scritto da":"Redakteur","Tempo di lettura stimato":"2 minuti"},"schema":{"@context":"https:\/\/schema.org","@graph":[{"@type":"WebPage","@id":"https:\/\/www.bbtinfo.eu\/it\/tunnel-del-brennero-obiettivo-sicurezza-riunione-del-gruppo-di-lavoro\/","url":"https:\/\/www.bbtinfo.eu\/it\/tunnel-del-brennero-obiettivo-sicurezza-riunione-del-gruppo-di-lavoro\/","name":"Tunnel del Brennero: obiettivo sicurezza, riunione del gruppo di lavoro - BBT","isPartOf":{"@id":"https:\/\/www.bbtinfo.eu\/#website"},"datePublished":"2011-03-25T06:53:00+00:00","author":{"@id":"https:\/\/www.bbtinfo.eu\/#\/schema\/person\/2aa55724db60ee2fd003fd640f1b1486"},"breadcrumb":{"@id":"https:\/\/www.bbtinfo.eu\/it\/tunnel-del-brennero-obiettivo-sicurezza-riunione-del-gruppo-di-lavoro\/#breadcrumb"},"inLanguage":"it-IT","potentialAction":[{"@type":"ReadAction","target":["https:\/\/www.bbtinfo.eu\/it\/tunnel-del-brennero-obiettivo-sicurezza-riunione-del-gruppo-di-lavoro\/"]}]},{"@type":"BreadcrumbList","@id":"https:\/\/www.bbtinfo.eu\/it\/tunnel-del-brennero-obiettivo-sicurezza-riunione-del-gruppo-di-lavoro\/#breadcrumb","itemListElement":[{"@type":"ListItem","position":1,"name":"Home","item":"https:\/\/www.bbtinfo.eu\/it\/"},{"@type":"ListItem","position":2,"name":"Tunnel del Brennero: obiettivo sicurezza, riunione del gruppo di lavoro"}]},{"@type":"WebSite","@id":"https:\/\/www.bbtinfo.eu\/#website","url":"https:\/\/www.bbtinfo.eu\/","name":"BBT","description":"Weichen stellen f\u00fcr die Zukunft","potentialAction":[{"@type":"SearchAction","target":{"@type":"EntryPoint","urlTemplate":"https:\/\/www.bbtinfo.eu\/?s={search_term_string}"},"query-input":{"@type":"PropertyValueSpecification","valueRequired":true,"valueName":"search_term_string"}}],"inLanguage":"it-IT"},{"@type":"Person","@id":"https:\/\/www.bbtinfo.eu\/#\/schema\/person\/2aa55724db60ee2fd003fd640f1b1486","name":"Redakteur","image":{"@type":"ImageObject","inLanguage":"it-IT","@id":"https:\/\/www.bbtinfo.eu\/#\/schema\/person\/image\/","url":"https:\/\/secure.gravatar.com\/avatar\/42729716e275dac8819c1403dcd0f948a888da8f76af593d32566a643889bee9?s=96&d=mm&r=g","contentUrl":"https:\/\/secure.gravatar.com\/avatar\/42729716e275dac8819c1403dcd0f948a888da8f76af593d32566a643889bee9?s=96&d=mm&r=g","caption":"Redakteur"},"url":"https:\/\/www.bbtinfo.eu\/it\/author\/redakteur\/"}]}},"_links":{"self":[{"href":"https:\/\/www.bbtinfo.eu\/it\/wp-json\/wp\/v2\/posts\/3610","targetHints":{"allow":["GET"]}}],"collection":[{"href":"https:\/\/www.bbtinfo.eu\/it\/wp-json\/wp\/v2\/posts"}],"about":[{"href":"https:\/\/www.bbtinfo.eu\/it\/wp-json\/wp\/v2\/types\/post"}],"author":[{"embeddable":true,"href":"https:\/\/www.bbtinfo.eu\/it\/wp-json\/wp\/v2\/users\/2"}],"replies":[{"embeddable":true,"href":"https:\/\/www.bbtinfo.eu\/it\/wp-json\/wp\/v2\/comments?post=3610"}],"version-history":[{"count":0,"href":"https:\/\/www.bbtinfo.eu\/it\/wp-json\/wp\/v2\/posts\/3610\/revisions"}],"wp:attachment":[{"href":"https:\/\/www.bbtinfo.eu\/it\/wp-json\/wp\/v2\/media?parent=3610"}],"wp:term":[{"taxonomy":"category","embeddable":true,"href":"https:\/\/www.bbtinfo.eu\/it\/wp-json\/wp\/v2\/categories?post=3610"},{"taxonomy":"post_tag","embeddable":true,"href":"https:\/\/www.bbtinfo.eu\/it\/wp-json\/wp\/v2\/tags?post=3610"}],"curies":[{"name":"wp","href":"https:\/\/api.w.org\/{rel}","templated":true}]}}