{"id":3592,"date":"2010-10-25T14:30:00","date_gmt":"2010-10-25T12:30:00","guid":{"rendered":"http:\/\/www.bbtinfo.eu\/wp_2013\/?p=558"},"modified":"2010-10-25T14:30:00","modified_gmt":"2010-10-25T12:30:00","slug":"11-miliardi-di-euro-destinati-al-bbt","status":"publish","type":"post","link":"https:\/\/www.bbtinfo.eu\/it\/11-miliardi-di-euro-destinati-al-bbt\/","title":{"rendered":"1,1 miliardi di Euro destinati al BBT"},"content":{"rendered":"<p><b><span lang=\"IT\">Il governo federale austriaco, nel convegno di clausura tenutosi sabato 23 ottobre 2010,&nbsp; <\/span>ha convenuto del sostegno del progetto BBT consolidandone il successivo finanziamento fino all\u2019anno 2016 con 1,1 mrd di Euro.<\/b><\/p>\n<p><span lang=\"IT\">Il 5 dicembre 2007 l\u2019Unione Europea aveva in precedenza assicurato l\u2019adesione al piano di finanziamento per il BBT, l\u2019Italia invece, il 5 febbraio 2010, avevo dato via libera al finanziamento della Galleria di Base del Brennero. <\/span><\/p>\n<p><span lang=\"IT\">Il Ministro delle Infrastrutture austriaco Doris Bures, in contempo alle conferme sul finanziamento consolidate, aveva annunciato la necessit\u00e0 di sviluppare \u201cprovvedimenti quadro\u201d per gestire al meglio la futura politica del traffico, evidenziando la possibilit\u00e0 di sfruttare al pieno i finanziamenti incrociati ricavati dalle autostrade in Tirolo. <\/span><\/p>\n<p>\u201c Ho avuto occasione di accertare telefonicamente, con rappresentanti della politica austriaca e l\u2019amministratore BBT SE Konrad Bergmeister, il futuro del BBT ed ora posso dire che i lavori proseguiranno. Le gare d\u2019appalto per i lavori complessivi inerenti alla Galleria di Base del Brennero, cio\u00e8 non solo per il cunicolo esplorativo saranno indetti nel 2011. Fatto ci\u00f2 da Innsbruck si avanzer\u00e0 con gli scavi in direzione Fortezza e da Fortezza si preceder\u00e0 verso Innsbruck.<br \/>\nA Ponte Gardena invece, i lavori di costruzione per le tratte d\u2019accesso, saranno presi d\u2019assalto dopo Fortezza\u201d , spiega il presidente Luis Durnwalder nella conferenza stampa tenutasi luned\u00ec, 25 ottobre 2010. &nbsp; <\/p>\n<p>Le frese \u201cgiganti\u201d, destinate alla realizzazione delle due gallerie in linea, a Mules entreranno in azione appena nel 2016, in attinenza al progetto di costruzione elaborato da BBT SE, come dichiara il direttore Konrad Bergmeister. <\/p>\n<p>Il BBT sar\u00e0 quindi pienamente in funzione nel 2025 in conformit\u00e0 all\u2019accordo di programma in precedenza approvato.<\/p>\n<p><b>&gt;&gt; archivio news<\/b><\/p>\n","protected":false},"excerpt":{"rendered":"<p>Il governo federale austriaco, nel convegno di clausura tenutosi sabato 23 ottobre 2010,&nbsp; ha convenuto del sostegno del progetto BBT consolidandone il successivo finanziamento fino all\u2019anno 2016 con 1,1 mrd di Euro. Il 5 dicembre 2007 l\u2019Unione Europea aveva in precedenza assicurato l\u2019adesione al piano di finanziamento per il BBT, l\u2019Italia invece, il 5 febbraio [&hellip;]<\/p>\n","protected":false},"author":3,"featured_media":0,"comment_status":"open","ping_status":"closed","sticky":false,"template":"","format":"standard","meta":{"_acf_changed":false,"footnotes":""},"categories":[216],"tags":[],"class_list":["post-3592","post","type-post","status-publish","format-standard","hentry","category-news-ita"],"acf":[],"yoast_head":"<!-- This site is optimized with the Yoast SEO plugin v25.9 - https:\/\/yoast.com\/wordpress\/plugins\/seo\/ -->\n<title>1,1 miliardi di Euro destinati al BBT - BBT<\/title>\n<meta name=\"robots\" content=\"index, follow, max-snippet:-1, max-image-preview:large, max-video-preview:-1\" \/>\n<link rel=\"canonical\" href=\"https:\/\/www.bbtinfo.eu\/it\/11-miliardi-di-euro-destinati-al-bbt\/\" \/>\n<meta property=\"og:locale\" content=\"it_IT\" \/>\n<meta property=\"og:type\" content=\"article\" \/>\n<meta property=\"og:title\" content=\"1,1 miliardi di Euro destinati al BBT - BBT\" \/>\n<meta property=\"og:description\" content=\"Il governo federale austriaco, nel convegno di clausura tenutosi sabato 23 ottobre 2010,&nbsp; ha convenuto del sostegno del progetto BBT consolidandone il successivo finanziamento fino all\u2019anno 2016 con 1,1 mrd di Euro. Il 5 dicembre 2007 l\u2019Unione Europea aveva in precedenza assicurato l\u2019adesione al piano di finanziamento per il BBT, l\u2019Italia invece, il 5 febbraio [&hellip;]\" \/>\n<meta property=\"og:url\" content=\"https:\/\/www.bbtinfo.eu\/it\/11-miliardi-di-euro-destinati-al-bbt\/\" \/>\n<meta property=\"og:site_name\" content=\"BBT\" \/>\n<meta property=\"article:published_time\" content=\"2010-10-25T12:30:00+00:00\" \/>\n<meta name=\"author\" content=\"admin\" \/>\n<meta name=\"twitter:card\" content=\"summary_large_image\" \/>\n<meta name=\"twitter:label1\" content=\"Scritto da\" \/>\n\t<meta name=\"twitter:data1\" content=\"admin\" \/>\n\t<meta name=\"twitter:label2\" content=\"Tempo di lettura stimato\" \/>\n\t<meta name=\"twitter:data2\" content=\"1 minuto\" \/>\n<script type=\"application\/ld+json\" class=\"yoast-schema-graph\">{\"@context\":\"https:\/\/schema.org\",\"@graph\":[{\"@type\":\"WebPage\",\"@id\":\"https:\/\/www.bbtinfo.eu\/it\/11-miliardi-di-euro-destinati-al-bbt\/\",\"url\":\"https:\/\/www.bbtinfo.eu\/it\/11-miliardi-di-euro-destinati-al-bbt\/\",\"name\":\"1,1 miliardi di Euro destinati al BBT - BBT\",\"isPartOf\":{\"@id\":\"https:\/\/www.bbtinfo.eu\/#website\"},\"datePublished\":\"2010-10-25T12:30:00+00:00\",\"author\":{\"@id\":\"https:\/\/www.bbtinfo.eu\/#\/schema\/person\/4d51b1b65a12d567939d4c3f62d61ba6\"},\"breadcrumb\":{\"@id\":\"https:\/\/www.bbtinfo.eu\/it\/11-miliardi-di-euro-destinati-al-bbt\/#breadcrumb\"},\"inLanguage\":\"it-IT\",\"potentialAction\":[{\"@type\":\"ReadAction\",\"target\":[\"https:\/\/www.bbtinfo.eu\/it\/11-miliardi-di-euro-destinati-al-bbt\/\"]}]},{\"@type\":\"BreadcrumbList\",\"@id\":\"https:\/\/www.bbtinfo.eu\/it\/11-miliardi-di-euro-destinati-al-bbt\/#breadcrumb\",\"itemListElement\":[{\"@type\":\"ListItem\",\"position\":1,\"name\":\"Home\",\"item\":\"https:\/\/www.bbtinfo.eu\/it\/\"},{\"@type\":\"ListItem\",\"position\":2,\"name\":\"1,1 miliardi di Euro destinati al BBT\"}]},{\"@type\":\"WebSite\",\"@id\":\"https:\/\/www.bbtinfo.eu\/#website\",\"url\":\"https:\/\/www.bbtinfo.eu\/\",\"name\":\"BBT\",\"description\":\"Weichen stellen f\u00fcr die Zukunft\",\"potentialAction\":[{\"@type\":\"SearchAction\",\"target\":{\"@type\":\"EntryPoint\",\"urlTemplate\":\"https:\/\/www.bbtinfo.eu\/?s={search_term_string}\"},\"query-input\":{\"@type\":\"PropertyValueSpecification\",\"valueRequired\":true,\"valueName\":\"search_term_string\"}}],\"inLanguage\":\"it-IT\"},{\"@type\":\"Person\",\"@id\":\"https:\/\/www.bbtinfo.eu\/#\/schema\/person\/4d51b1b65a12d567939d4c3f62d61ba6\",\"name\":\"admin\",\"image\":{\"@type\":\"ImageObject\",\"inLanguage\":\"it-IT\",\"@id\":\"https:\/\/www.bbtinfo.eu\/#\/schema\/person\/image\/\",\"url\":\"https:\/\/secure.gravatar.com\/avatar\/0a5e880ddf3043e695150cd04bd6e446293b717b88400af088e277dd161b7ebb?s=96&d=mm&r=g\",\"contentUrl\":\"https:\/\/secure.gravatar.com\/avatar\/0a5e880ddf3043e695150cd04bd6e446293b717b88400af088e277dd161b7ebb?s=96&d=mm&r=g\",\"caption\":\"admin\"},\"url\":\"https:\/\/www.bbtinfo.eu\/it\/author\/admin\/\"}]}<\/script>\n<!-- \/ Yoast SEO plugin. -->","yoast_head_json":{"title":"1,1 miliardi di Euro destinati al BBT - BBT","robots":{"index":"index","follow":"follow","max-snippet":"max-snippet:-1","max-image-preview":"max-image-preview:large","max-video-preview":"max-video-preview:-1"},"canonical":"https:\/\/www.bbtinfo.eu\/it\/11-miliardi-di-euro-destinati-al-bbt\/","og_locale":"it_IT","og_type":"article","og_title":"1,1 miliardi di Euro destinati al BBT - BBT","og_description":"Il governo federale austriaco, nel convegno di clausura tenutosi sabato 23 ottobre 2010,&nbsp; ha convenuto del sostegno del progetto BBT consolidandone il successivo finanziamento fino all\u2019anno 2016 con 1,1 mrd di Euro. Il 5 dicembre 2007 l\u2019Unione Europea aveva in precedenza assicurato l\u2019adesione al piano di finanziamento per il BBT, l\u2019Italia invece, il 5 febbraio [&hellip;]","og_url":"https:\/\/www.bbtinfo.eu\/it\/11-miliardi-di-euro-destinati-al-bbt\/","og_site_name":"BBT","article_published_time":"2010-10-25T12:30:00+00:00","author":"admin","twitter_card":"summary_large_image","twitter_misc":{"Scritto da":"admin","Tempo di lettura stimato":"1 minuto"},"schema":{"@context":"https:\/\/schema.org","@graph":[{"@type":"WebPage","@id":"https:\/\/www.bbtinfo.eu\/it\/11-miliardi-di-euro-destinati-al-bbt\/","url":"https:\/\/www.bbtinfo.eu\/it\/11-miliardi-di-euro-destinati-al-bbt\/","name":"1,1 miliardi di Euro destinati al BBT - BBT","isPartOf":{"@id":"https:\/\/www.bbtinfo.eu\/#website"},"datePublished":"2010-10-25T12:30:00+00:00","author":{"@id":"https:\/\/www.bbtinfo.eu\/#\/schema\/person\/4d51b1b65a12d567939d4c3f62d61ba6"},"breadcrumb":{"@id":"https:\/\/www.bbtinfo.eu\/it\/11-miliardi-di-euro-destinati-al-bbt\/#breadcrumb"},"inLanguage":"it-IT","potentialAction":[{"@type":"ReadAction","target":["https:\/\/www.bbtinfo.eu\/it\/11-miliardi-di-euro-destinati-al-bbt\/"]}]},{"@type":"BreadcrumbList","@id":"https:\/\/www.bbtinfo.eu\/it\/11-miliardi-di-euro-destinati-al-bbt\/#breadcrumb","itemListElement":[{"@type":"ListItem","position":1,"name":"Home","item":"https:\/\/www.bbtinfo.eu\/it\/"},{"@type":"ListItem","position":2,"name":"1,1 miliardi di Euro destinati al BBT"}]},{"@type":"WebSite","@id":"https:\/\/www.bbtinfo.eu\/#website","url":"https:\/\/www.bbtinfo.eu\/","name":"BBT","description":"Weichen stellen f\u00fcr die Zukunft","potentialAction":[{"@type":"SearchAction","target":{"@type":"EntryPoint","urlTemplate":"https:\/\/www.bbtinfo.eu\/?s={search_term_string}"},"query-input":{"@type":"PropertyValueSpecification","valueRequired":true,"valueName":"search_term_string"}}],"inLanguage":"it-IT"},{"@type":"Person","@id":"https:\/\/www.bbtinfo.eu\/#\/schema\/person\/4d51b1b65a12d567939d4c3f62d61ba6","name":"admin","image":{"@type":"ImageObject","inLanguage":"it-IT","@id":"https:\/\/www.bbtinfo.eu\/#\/schema\/person\/image\/","url":"https:\/\/secure.gravatar.com\/avatar\/0a5e880ddf3043e695150cd04bd6e446293b717b88400af088e277dd161b7ebb?s=96&d=mm&r=g","contentUrl":"https:\/\/secure.gravatar.com\/avatar\/0a5e880ddf3043e695150cd04bd6e446293b717b88400af088e277dd161b7ebb?s=96&d=mm&r=g","caption":"admin"},"url":"https:\/\/www.bbtinfo.eu\/it\/author\/admin\/"}]}},"_links":{"self":[{"href":"https:\/\/www.bbtinfo.eu\/it\/wp-json\/wp\/v2\/posts\/3592","targetHints":{"allow":["GET"]}}],"collection":[{"href":"https:\/\/www.bbtinfo.eu\/it\/wp-json\/wp\/v2\/posts"}],"about":[{"href":"https:\/\/www.bbtinfo.eu\/it\/wp-json\/wp\/v2\/types\/post"}],"author":[{"embeddable":true,"href":"https:\/\/www.bbtinfo.eu\/it\/wp-json\/wp\/v2\/users\/3"}],"replies":[{"embeddable":true,"href":"https:\/\/www.bbtinfo.eu\/it\/wp-json\/wp\/v2\/comments?post=3592"}],"version-history":[{"count":0,"href":"https:\/\/www.bbtinfo.eu\/it\/wp-json\/wp\/v2\/posts\/3592\/revisions"}],"wp:attachment":[{"href":"https:\/\/www.bbtinfo.eu\/it\/wp-json\/wp\/v2\/media?parent=3592"}],"wp:term":[{"taxonomy":"category","embeddable":true,"href":"https:\/\/www.bbtinfo.eu\/it\/wp-json\/wp\/v2\/categories?post=3592"},{"taxonomy":"post_tag","embeddable":true,"href":"https:\/\/www.bbtinfo.eu\/it\/wp-json\/wp\/v2\/tags?post=3592"}],"curies":[{"name":"wp","href":"https:\/\/api.w.org\/{rel}","templated":true}]}}