{"id":3586,"date":"2010-06-28T08:31:00","date_gmt":"2010-06-28T07:35:00","guid":{"rendered":"http:\/\/www.bbtinfo.eu\/wp_2013\/?p=528"},"modified":"2010-06-28T08:31:00","modified_gmt":"2010-06-28T07:35:00","slug":"concessione-della22-al-centro-dellincontro-di-durnwalder-con-il-ministro-matteoli","status":"publish","type":"post","link":"https:\/\/www.bbtinfo.eu\/it\/concessione-della22-al-centro-dellincontro-di-durnwalder-con-il-ministro-matteoli\/","title":{"rendered":"Concessione dell&#8217;A22 al centro dell&#8217;incontro di Durnwalder con il ministro Matteoli"},"content":{"rendered":"<p><b><span lang=\"IT\">Conferma sul finanziamento per parte italiana del tunnel di base del Brennero, approfondimenti sulla possibilit\u00e0 di una proroga all\u2019Autobrennero della concessione per l\u2019A22: sono i dati principali emersi dalla riunione svoltasi oggi (25 giugno) a Roma con il ministro delle infrastrutture e dei trasporti Altero Matteoli, il presidente della Provincia Luis Durnwalder e le parti interessate alla realizzazione del tunnel di base del Brennero e delle tratte di accesso.<\/span><\/b><span lang=\"IT\"><\/span><\/p>\n<p><span lang=\"IT\">Il presidente Durnwalder ha partecipato nel pomeriggio al Ministero ala riunione convocata dal ministro Matteoli con i&nbsp;rappresentanti delle Province di Bolzano, Trento (presidente Lorenzo&nbsp;Dellai)&nbsp;e Verona (Giovanni Miozzi),&nbsp;degli enti interessati (Ferrovie all&#8217;Anas), e con il commissario straordinario per il BBT Mauro Fabris. Nel vertice si \u00e8 fatto il punto sullo&nbsp;stato di avanzamento delle attivit\u00e0 relative alla realizzazione delle infrastrutture del tunnel e delle tratte di accesso e delle modalit\u00e0 del loro finanziamento. <\/span><\/p>\n<p><span lang=\"IT\">&quot;Il ministro ha confermato l&#8217;identit\u00e0 di vedute sulla necessita di un ammodernamento della linea ferrovia del Brennero con le infrastrutture previste e che anche&nbsp;il finanziamento del progetto per parte italiana va assicurato&quot;, riferisce Durnwalder. Le Province interessate hanno ribadito al Ministro che il modello&nbsp;trasversale garantito dall&#8217;introito dei pedaggi sull&#8217;A22 rappresenta una parte essenziale del finanziamento. Un aspetto che richiede quindi chiarezza sul modo di procedere, se attraverso una proroga o un nuovo bando di gara per la concessione. <\/span><\/p>\n<p><span lang=\"IT\">&quot;Siamo ancora del parere che un nuovo bando non sia&nbsp;indispensabile&quot;, ha&nbsp;detto Durnwalder a Roma ricordando i precedenti che renderebbero giuridicamente possibile una proroga della concessione attualmente in capo all&#8217;Autobrennero Spa.&nbsp;In questo contesto i rappresentanti delle Province hanno avanzato a Matteoli due richieste: la prima, quella di intervenire a nome del Governo italiano in sede UE per verificare le possibilit\u00e0 del rilascio di una proroga della concessione vincolata al finanziamento del progetto ferroviario. In secondo luogo, &quot;abbiamo chiesto di modificare lo specifico passaggio nell&#8217;articolo 47 della legge finanziaria nazionale, in cui si parla solo di nuovo bando di gara e una eventuale proroga non viene affatto ipotizzata&quot;, spiega Durnwalder. In particolare il Presidente ha ribadito di non poter accettare che i proventi accantonati possano essere destinati all&#8217;ANAS per confluire in progetti di infrastrutture stradali.<\/span><\/p>\n<p><span lang=\"IT\">Nel vertice di Roma \u00e9 stato deciso che questi passi verranno affrontati da una commissione tecnica appositamente istituita.<\/span><\/p>\n<p>(<a href=\"http:\/\/www.provincia.bz.it\/usp\/285.asp?redas=yes&#038;aktuelles_action=4&#038;aktuelles_article_id=332423\">usp<\/a>)<\/p>\n<p><b>&gt;&gt; archivio news<br \/>\n<\/b><\/p>\n","protected":false},"excerpt":{"rendered":"<p>Conferma sul finanziamento per parte italiana del tunnel di base del Brennero, approfondimenti sulla possibilit\u00e0 di una proroga all\u2019Autobrennero della concessione per l\u2019A22: sono i dati principali emersi dalla riunione svoltasi oggi (25 giugno) a Roma con il ministro delle infrastrutture e dei trasporti Altero Matteoli, il presidente della Provincia Luis Durnwalder e le parti [&hellip;]<\/p>\n","protected":false},"author":3,"featured_media":0,"comment_status":"open","ping_status":"closed","sticky":false,"template":"","format":"standard","meta":{"_acf_changed":false,"footnotes":""},"categories":[216],"tags":[],"class_list":["post-3586","post","type-post","status-publish","format-standard","hentry","category-news-ita"],"acf":[],"yoast_head":"<!-- This site is optimized with the Yoast SEO plugin v25.9 - https:\/\/yoast.com\/wordpress\/plugins\/seo\/ -->\n<title>Concessione dell&#039;A22 al centro dell&#039;incontro di Durnwalder con il ministro Matteoli - BBT<\/title>\n<meta name=\"robots\" content=\"index, follow, max-snippet:-1, max-image-preview:large, max-video-preview:-1\" \/>\n<link rel=\"canonical\" href=\"https:\/\/www.bbtinfo.eu\/it\/concessione-della22-al-centro-dellincontro-di-durnwalder-con-il-ministro-matteoli\/\" \/>\n<meta property=\"og:locale\" content=\"it_IT\" \/>\n<meta property=\"og:type\" content=\"article\" \/>\n<meta property=\"og:title\" content=\"Concessione dell&#039;A22 al centro dell&#039;incontro di Durnwalder con il ministro Matteoli - BBT\" \/>\n<meta property=\"og:description\" content=\"Conferma sul finanziamento per parte italiana del tunnel di base del Brennero, approfondimenti sulla possibilit\u00e0 di una proroga all\u2019Autobrennero della concessione per l\u2019A22: sono i dati principali emersi dalla riunione svoltasi oggi (25 giugno) a Roma con il ministro delle infrastrutture e dei trasporti Altero Matteoli, il presidente della Provincia Luis Durnwalder e le parti [&hellip;]\" \/>\n<meta property=\"og:url\" content=\"https:\/\/www.bbtinfo.eu\/it\/concessione-della22-al-centro-dellincontro-di-durnwalder-con-il-ministro-matteoli\/\" \/>\n<meta property=\"og:site_name\" content=\"BBT\" \/>\n<meta property=\"article:published_time\" content=\"2010-06-28T07:35:00+00:00\" \/>\n<meta name=\"author\" content=\"admin\" \/>\n<meta name=\"twitter:card\" content=\"summary_large_image\" \/>\n<meta name=\"twitter:label1\" content=\"Scritto da\" \/>\n\t<meta name=\"twitter:data1\" content=\"admin\" \/>\n\t<meta name=\"twitter:label2\" content=\"Tempo di lettura stimato\" \/>\n\t<meta name=\"twitter:data2\" content=\"2 minuti\" \/>\n<script type=\"application\/ld+json\" class=\"yoast-schema-graph\">{\"@context\":\"https:\/\/schema.org\",\"@graph\":[{\"@type\":\"WebPage\",\"@id\":\"https:\/\/www.bbtinfo.eu\/it\/concessione-della22-al-centro-dellincontro-di-durnwalder-con-il-ministro-matteoli\/\",\"url\":\"https:\/\/www.bbtinfo.eu\/it\/concessione-della22-al-centro-dellincontro-di-durnwalder-con-il-ministro-matteoli\/\",\"name\":\"Concessione dell'A22 al centro dell'incontro di Durnwalder con il ministro Matteoli - BBT\",\"isPartOf\":{\"@id\":\"https:\/\/www.bbtinfo.eu\/#website\"},\"datePublished\":\"2010-06-28T07:35:00+00:00\",\"author\":{\"@id\":\"https:\/\/www.bbtinfo.eu\/#\/schema\/person\/4d51b1b65a12d567939d4c3f62d61ba6\"},\"breadcrumb\":{\"@id\":\"https:\/\/www.bbtinfo.eu\/it\/concessione-della22-al-centro-dellincontro-di-durnwalder-con-il-ministro-matteoli\/#breadcrumb\"},\"inLanguage\":\"it-IT\",\"potentialAction\":[{\"@type\":\"ReadAction\",\"target\":[\"https:\/\/www.bbtinfo.eu\/it\/concessione-della22-al-centro-dellincontro-di-durnwalder-con-il-ministro-matteoli\/\"]}]},{\"@type\":\"BreadcrumbList\",\"@id\":\"https:\/\/www.bbtinfo.eu\/it\/concessione-della22-al-centro-dellincontro-di-durnwalder-con-il-ministro-matteoli\/#breadcrumb\",\"itemListElement\":[{\"@type\":\"ListItem\",\"position\":1,\"name\":\"Home\",\"item\":\"https:\/\/www.bbtinfo.eu\/it\/\"},{\"@type\":\"ListItem\",\"position\":2,\"name\":\"Concessione dell&#8217;A22 al centro dell&#8217;incontro di Durnwalder con il ministro Matteoli\"}]},{\"@type\":\"WebSite\",\"@id\":\"https:\/\/www.bbtinfo.eu\/#website\",\"url\":\"https:\/\/www.bbtinfo.eu\/\",\"name\":\"BBT\",\"description\":\"Weichen stellen f\u00fcr die Zukunft\",\"potentialAction\":[{\"@type\":\"SearchAction\",\"target\":{\"@type\":\"EntryPoint\",\"urlTemplate\":\"https:\/\/www.bbtinfo.eu\/?s={search_term_string}\"},\"query-input\":{\"@type\":\"PropertyValueSpecification\",\"valueRequired\":true,\"valueName\":\"search_term_string\"}}],\"inLanguage\":\"it-IT\"},{\"@type\":\"Person\",\"@id\":\"https:\/\/www.bbtinfo.eu\/#\/schema\/person\/4d51b1b65a12d567939d4c3f62d61ba6\",\"name\":\"admin\",\"image\":{\"@type\":\"ImageObject\",\"inLanguage\":\"it-IT\",\"@id\":\"https:\/\/www.bbtinfo.eu\/#\/schema\/person\/image\/\",\"url\":\"https:\/\/secure.gravatar.com\/avatar\/0a5e880ddf3043e695150cd04bd6e446293b717b88400af088e277dd161b7ebb?s=96&d=mm&r=g\",\"contentUrl\":\"https:\/\/secure.gravatar.com\/avatar\/0a5e880ddf3043e695150cd04bd6e446293b717b88400af088e277dd161b7ebb?s=96&d=mm&r=g\",\"caption\":\"admin\"},\"url\":\"https:\/\/www.bbtinfo.eu\/it\/author\/admin\/\"}]}<\/script>\n<!-- \/ Yoast SEO plugin. -->","yoast_head_json":{"title":"Concessione dell'A22 al centro dell'incontro di Durnwalder con il ministro Matteoli - BBT","robots":{"index":"index","follow":"follow","max-snippet":"max-snippet:-1","max-image-preview":"max-image-preview:large","max-video-preview":"max-video-preview:-1"},"canonical":"https:\/\/www.bbtinfo.eu\/it\/concessione-della22-al-centro-dellincontro-di-durnwalder-con-il-ministro-matteoli\/","og_locale":"it_IT","og_type":"article","og_title":"Concessione dell'A22 al centro dell'incontro di Durnwalder con il ministro Matteoli - BBT","og_description":"Conferma sul finanziamento per parte italiana del tunnel di base del Brennero, approfondimenti sulla possibilit\u00e0 di una proroga all\u2019Autobrennero della concessione per l\u2019A22: sono i dati principali emersi dalla riunione svoltasi oggi (25 giugno) a Roma con il ministro delle infrastrutture e dei trasporti Altero Matteoli, il presidente della Provincia Luis Durnwalder e le parti [&hellip;]","og_url":"https:\/\/www.bbtinfo.eu\/it\/concessione-della22-al-centro-dellincontro-di-durnwalder-con-il-ministro-matteoli\/","og_site_name":"BBT","article_published_time":"2010-06-28T07:35:00+00:00","author":"admin","twitter_card":"summary_large_image","twitter_misc":{"Scritto da":"admin","Tempo di lettura stimato":"2 minuti"},"schema":{"@context":"https:\/\/schema.org","@graph":[{"@type":"WebPage","@id":"https:\/\/www.bbtinfo.eu\/it\/concessione-della22-al-centro-dellincontro-di-durnwalder-con-il-ministro-matteoli\/","url":"https:\/\/www.bbtinfo.eu\/it\/concessione-della22-al-centro-dellincontro-di-durnwalder-con-il-ministro-matteoli\/","name":"Concessione dell'A22 al centro dell'incontro di Durnwalder con il ministro Matteoli - BBT","isPartOf":{"@id":"https:\/\/www.bbtinfo.eu\/#website"},"datePublished":"2010-06-28T07:35:00+00:00","author":{"@id":"https:\/\/www.bbtinfo.eu\/#\/schema\/person\/4d51b1b65a12d567939d4c3f62d61ba6"},"breadcrumb":{"@id":"https:\/\/www.bbtinfo.eu\/it\/concessione-della22-al-centro-dellincontro-di-durnwalder-con-il-ministro-matteoli\/#breadcrumb"},"inLanguage":"it-IT","potentialAction":[{"@type":"ReadAction","target":["https:\/\/www.bbtinfo.eu\/it\/concessione-della22-al-centro-dellincontro-di-durnwalder-con-il-ministro-matteoli\/"]}]},{"@type":"BreadcrumbList","@id":"https:\/\/www.bbtinfo.eu\/it\/concessione-della22-al-centro-dellincontro-di-durnwalder-con-il-ministro-matteoli\/#breadcrumb","itemListElement":[{"@type":"ListItem","position":1,"name":"Home","item":"https:\/\/www.bbtinfo.eu\/it\/"},{"@type":"ListItem","position":2,"name":"Concessione dell&#8217;A22 al centro dell&#8217;incontro di Durnwalder con il ministro Matteoli"}]},{"@type":"WebSite","@id":"https:\/\/www.bbtinfo.eu\/#website","url":"https:\/\/www.bbtinfo.eu\/","name":"BBT","description":"Weichen stellen f\u00fcr die Zukunft","potentialAction":[{"@type":"SearchAction","target":{"@type":"EntryPoint","urlTemplate":"https:\/\/www.bbtinfo.eu\/?s={search_term_string}"},"query-input":{"@type":"PropertyValueSpecification","valueRequired":true,"valueName":"search_term_string"}}],"inLanguage":"it-IT"},{"@type":"Person","@id":"https:\/\/www.bbtinfo.eu\/#\/schema\/person\/4d51b1b65a12d567939d4c3f62d61ba6","name":"admin","image":{"@type":"ImageObject","inLanguage":"it-IT","@id":"https:\/\/www.bbtinfo.eu\/#\/schema\/person\/image\/","url":"https:\/\/secure.gravatar.com\/avatar\/0a5e880ddf3043e695150cd04bd6e446293b717b88400af088e277dd161b7ebb?s=96&d=mm&r=g","contentUrl":"https:\/\/secure.gravatar.com\/avatar\/0a5e880ddf3043e695150cd04bd6e446293b717b88400af088e277dd161b7ebb?s=96&d=mm&r=g","caption":"admin"},"url":"https:\/\/www.bbtinfo.eu\/it\/author\/admin\/"}]}},"_links":{"self":[{"href":"https:\/\/www.bbtinfo.eu\/it\/wp-json\/wp\/v2\/posts\/3586","targetHints":{"allow":["GET"]}}],"collection":[{"href":"https:\/\/www.bbtinfo.eu\/it\/wp-json\/wp\/v2\/posts"}],"about":[{"href":"https:\/\/www.bbtinfo.eu\/it\/wp-json\/wp\/v2\/types\/post"}],"author":[{"embeddable":true,"href":"https:\/\/www.bbtinfo.eu\/it\/wp-json\/wp\/v2\/users\/3"}],"replies":[{"embeddable":true,"href":"https:\/\/www.bbtinfo.eu\/it\/wp-json\/wp\/v2\/comments?post=3586"}],"version-history":[{"count":0,"href":"https:\/\/www.bbtinfo.eu\/it\/wp-json\/wp\/v2\/posts\/3586\/revisions"}],"wp:attachment":[{"href":"https:\/\/www.bbtinfo.eu\/it\/wp-json\/wp\/v2\/media?parent=3586"}],"wp:term":[{"taxonomy":"category","embeddable":true,"href":"https:\/\/www.bbtinfo.eu\/it\/wp-json\/wp\/v2\/categories?post=3586"},{"taxonomy":"post_tag","embeddable":true,"href":"https:\/\/www.bbtinfo.eu\/it\/wp-json\/wp\/v2\/tags?post=3586"}],"curies":[{"name":"wp","href":"https:\/\/api.w.org\/{rel}","templated":true}]}}