{"id":3556,"date":"2009-10-02T10:00:00","date_gmt":"2009-10-02T08:00:00","guid":{"rendered":"http:\/\/www.bbtinfo.eu\/wp_2013\/?p=380"},"modified":"2009-10-02T10:00:00","modified_gmt":"2009-10-02T08:00:00","slug":"misure-di-mitigazione-dallinquinamento-acustico","status":"publish","type":"post","link":"https:\/\/www.bbtinfo.eu\/it\/misure-di-mitigazione-dallinquinamento-acustico\/","title":{"rendered":"Misure di mitigazione dall&#8217;inquinamento acustico"},"content":{"rendered":"<p><strong>La comunit\u00e0 comprensoriale Valle Isarco ha affidato all\u2019istituto svizzero prose, l\u2019incarico di elaborare di provvedimenti antirumore per favorire la protezione dall&#8217;inquinamento acustico nella Valle Isarco.<\/strong><\/p>\n<p> Infatti, alcuni mesi fa \u00e8 partito dalla Comunit\u00e0 Comprensoriale Valle Isarco l\u2019incarico all\u2019attuazione dello studio PORSE. La ricerca fornir\u00e0 informazioni dettagliate sul tipo di misura antirumore da adottare su singoli percorsi lungo il tracciato ferroviario, spiega Josef Hochrainer, relatore della circolazione e del trasporto della Comunit\u00e0 Comprensoriale Valle Isarco.<\/p>\n<p>Per svolgere la ricerca PROSE sulle misure antirumore \u00e8 stato necessario raccogliere in fase preliminare tutti i dati tecnici relativi alla tratta. La RFI purtroppo non \u00e8 stata in grado di fornire dati utilizzabili pertanto \u00e8 stato costituito un gruppo di lavoro per svolgere delle ricerche basilari. <\/p>\n<p>Grazie alla collaborazione nata con un ex- guardalinee della RFI; Erich Irenberger, e l\u2019appoggio del direttore dell\u2019Ufficio provinciale aria e rumore, l\u2019Ing. Georg Pichler, assieme al dott. Martin Ausserdorfer, direttore dell\u2019Osservatorio BBT, \u00e9 stata consolidata una catalogazione completa dei dati concernenti il percorso esistente e capaci di fornire cos\u00ec delle informazioni pi\u00f9 che precise sulla situazione attuale. <\/p>\n<p>I dati emergenti dallo studio PROSE sono riferiti ai raggi delle curve dando riscontro sui percorsi rettilinei,la loro lunghezza, la struttura delle traverse, la qualit\u00e0 di ferro usata per i binari e ulteriori dati utili alla manutenzione. <\/p>\n<p>Sulla lista sono elencati aggiuntivamente i dati riguardanti il peso delle assi del treno, la lunghezza del convoglio e il numero di treni in transito sul tracciato. <\/p>\n<p>Grazie ai valori cos\u00ec ottenuti \u00e8 possibile riprodurre l\u2019intensit\u00e0 dell\u2019emissione acustica tramite una simulazione al computer e verificare l\u2019efficienza dei numerosi provvedimenti antirumore e definirne l\u2019utilit\u00e0.<br \/>\n Questo metodo \u00e8 essenziale per determinare il grado di efficienza delle misure per la riduzione d\u2019impatto acustico, quali: le barriere antirumore, la lubrificazione dei binari e altri provvedimenti utili.<\/p>\n<p>L\u2019obiettivo da raggiungere \u00e8 definire la miglior soluzione per ridurre effettivamente l\u2019inquinamento acustico nella Valle Isarco verificando tutte le possibilit\u00e0 a livello tecnico per esporre poi delle richieste concrete alla politica locale, aggiunge Josef Hochrainer in conclusione. <\/p>\n<p><em>*Sono 180 i treni che quotidianamente transitano lungo l\u2019asse ferroviario del Brennero, l\u2019anno scorso &nbsp;invece erano 200. Questa riduzione \u00e8 sicuramente riconducibile alla crisi finanziaria in corso, afferma il dott. Martin Ausserdorfer.<\/em><\/p>\n<p><em><strong>>> Newsarchiv<\/strong><\/em><\/p>\n","protected":false},"excerpt":{"rendered":"<p>La comunit\u00e0 comprensoriale Valle Isarco ha affidato all\u2019istituto svizzero prose, l\u2019incarico di elaborare di provvedimenti antirumore per favorire la protezione dall&#8217;inquinamento acustico nella Valle Isarco. Infatti, alcuni mesi fa \u00e8 partito dalla Comunit\u00e0 Comprensoriale Valle Isarco l\u2019incarico all\u2019attuazione dello studio PORSE. La ricerca fornir\u00e0 informazioni dettagliate sul tipo di misura antirumore da adottare su singoli [&hellip;]<\/p>\n","protected":false},"author":3,"featured_media":0,"comment_status":"open","ping_status":"closed","sticky":false,"template":"","format":"standard","meta":{"_acf_changed":false,"footnotes":""},"categories":[216],"tags":[],"class_list":["post-3556","post","type-post","status-publish","format-standard","hentry","category-news-ita"],"acf":[],"yoast_head":"<!-- This site is optimized with the Yoast SEO plugin v25.9 - https:\/\/yoast.com\/wordpress\/plugins\/seo\/ -->\n<title>Misure di mitigazione dall&#039;inquinamento acustico - BBT<\/title>\n<meta name=\"robots\" content=\"index, follow, max-snippet:-1, max-image-preview:large, max-video-preview:-1\" \/>\n<link rel=\"canonical\" href=\"https:\/\/www.bbtinfo.eu\/it\/misure-di-mitigazione-dallinquinamento-acustico\/\" \/>\n<meta property=\"og:locale\" content=\"it_IT\" \/>\n<meta property=\"og:type\" content=\"article\" \/>\n<meta property=\"og:title\" content=\"Misure di mitigazione dall&#039;inquinamento acustico - BBT\" \/>\n<meta property=\"og:description\" content=\"La comunit\u00e0 comprensoriale Valle Isarco ha affidato all\u2019istituto svizzero prose, l\u2019incarico di elaborare di provvedimenti antirumore per favorire la protezione dall&#8217;inquinamento acustico nella Valle Isarco. Infatti, alcuni mesi fa \u00e8 partito dalla Comunit\u00e0 Comprensoriale Valle Isarco l\u2019incarico all\u2019attuazione dello studio PORSE. La ricerca fornir\u00e0 informazioni dettagliate sul tipo di misura antirumore da adottare su singoli [&hellip;]\" \/>\n<meta property=\"og:url\" content=\"https:\/\/www.bbtinfo.eu\/it\/misure-di-mitigazione-dallinquinamento-acustico\/\" \/>\n<meta property=\"og:site_name\" content=\"BBT\" \/>\n<meta property=\"article:published_time\" content=\"2009-10-02T08:00:00+00:00\" \/>\n<meta name=\"author\" content=\"admin\" \/>\n<meta name=\"twitter:card\" content=\"summary_large_image\" \/>\n<meta name=\"twitter:label1\" content=\"Scritto da\" \/>\n\t<meta name=\"twitter:data1\" content=\"admin\" \/>\n\t<meta name=\"twitter:label2\" content=\"Tempo di lettura stimato\" \/>\n\t<meta name=\"twitter:data2\" content=\"2 minuti\" \/>\n<script type=\"application\/ld+json\" class=\"yoast-schema-graph\">{\"@context\":\"https:\/\/schema.org\",\"@graph\":[{\"@type\":\"WebPage\",\"@id\":\"https:\/\/www.bbtinfo.eu\/it\/misure-di-mitigazione-dallinquinamento-acustico\/\",\"url\":\"https:\/\/www.bbtinfo.eu\/it\/misure-di-mitigazione-dallinquinamento-acustico\/\",\"name\":\"Misure di mitigazione dall'inquinamento acustico - BBT\",\"isPartOf\":{\"@id\":\"https:\/\/www.bbtinfo.eu\/#website\"},\"datePublished\":\"2009-10-02T08:00:00+00:00\",\"author\":{\"@id\":\"https:\/\/www.bbtinfo.eu\/#\/schema\/person\/4d51b1b65a12d567939d4c3f62d61ba6\"},\"breadcrumb\":{\"@id\":\"https:\/\/www.bbtinfo.eu\/it\/misure-di-mitigazione-dallinquinamento-acustico\/#breadcrumb\"},\"inLanguage\":\"it-IT\",\"potentialAction\":[{\"@type\":\"ReadAction\",\"target\":[\"https:\/\/www.bbtinfo.eu\/it\/misure-di-mitigazione-dallinquinamento-acustico\/\"]}]},{\"@type\":\"BreadcrumbList\",\"@id\":\"https:\/\/www.bbtinfo.eu\/it\/misure-di-mitigazione-dallinquinamento-acustico\/#breadcrumb\",\"itemListElement\":[{\"@type\":\"ListItem\",\"position\":1,\"name\":\"Home\",\"item\":\"https:\/\/www.bbtinfo.eu\/it\/\"},{\"@type\":\"ListItem\",\"position\":2,\"name\":\"Misure di mitigazione dall&#8217;inquinamento acustico\"}]},{\"@type\":\"WebSite\",\"@id\":\"https:\/\/www.bbtinfo.eu\/#website\",\"url\":\"https:\/\/www.bbtinfo.eu\/\",\"name\":\"BBT\",\"description\":\"Weichen stellen f\u00fcr die Zukunft\",\"potentialAction\":[{\"@type\":\"SearchAction\",\"target\":{\"@type\":\"EntryPoint\",\"urlTemplate\":\"https:\/\/www.bbtinfo.eu\/?s={search_term_string}\"},\"query-input\":{\"@type\":\"PropertyValueSpecification\",\"valueRequired\":true,\"valueName\":\"search_term_string\"}}],\"inLanguage\":\"it-IT\"},{\"@type\":\"Person\",\"@id\":\"https:\/\/www.bbtinfo.eu\/#\/schema\/person\/4d51b1b65a12d567939d4c3f62d61ba6\",\"name\":\"admin\",\"image\":{\"@type\":\"ImageObject\",\"inLanguage\":\"it-IT\",\"@id\":\"https:\/\/www.bbtinfo.eu\/#\/schema\/person\/image\/\",\"url\":\"https:\/\/secure.gravatar.com\/avatar\/0a5e880ddf3043e695150cd04bd6e446293b717b88400af088e277dd161b7ebb?s=96&d=mm&r=g\",\"contentUrl\":\"https:\/\/secure.gravatar.com\/avatar\/0a5e880ddf3043e695150cd04bd6e446293b717b88400af088e277dd161b7ebb?s=96&d=mm&r=g\",\"caption\":\"admin\"},\"url\":\"https:\/\/www.bbtinfo.eu\/it\/author\/admin\/\"}]}<\/script>\n<!-- \/ Yoast SEO plugin. -->","yoast_head_json":{"title":"Misure di mitigazione dall'inquinamento acustico - BBT","robots":{"index":"index","follow":"follow","max-snippet":"max-snippet:-1","max-image-preview":"max-image-preview:large","max-video-preview":"max-video-preview:-1"},"canonical":"https:\/\/www.bbtinfo.eu\/it\/misure-di-mitigazione-dallinquinamento-acustico\/","og_locale":"it_IT","og_type":"article","og_title":"Misure di mitigazione dall'inquinamento acustico - BBT","og_description":"La comunit\u00e0 comprensoriale Valle Isarco ha affidato all\u2019istituto svizzero prose, l\u2019incarico di elaborare di provvedimenti antirumore per favorire la protezione dall&#8217;inquinamento acustico nella Valle Isarco. Infatti, alcuni mesi fa \u00e8 partito dalla Comunit\u00e0 Comprensoriale Valle Isarco l\u2019incarico all\u2019attuazione dello studio PORSE. La ricerca fornir\u00e0 informazioni dettagliate sul tipo di misura antirumore da adottare su singoli [&hellip;]","og_url":"https:\/\/www.bbtinfo.eu\/it\/misure-di-mitigazione-dallinquinamento-acustico\/","og_site_name":"BBT","article_published_time":"2009-10-02T08:00:00+00:00","author":"admin","twitter_card":"summary_large_image","twitter_misc":{"Scritto da":"admin","Tempo di lettura stimato":"2 minuti"},"schema":{"@context":"https:\/\/schema.org","@graph":[{"@type":"WebPage","@id":"https:\/\/www.bbtinfo.eu\/it\/misure-di-mitigazione-dallinquinamento-acustico\/","url":"https:\/\/www.bbtinfo.eu\/it\/misure-di-mitigazione-dallinquinamento-acustico\/","name":"Misure di mitigazione dall'inquinamento acustico - BBT","isPartOf":{"@id":"https:\/\/www.bbtinfo.eu\/#website"},"datePublished":"2009-10-02T08:00:00+00:00","author":{"@id":"https:\/\/www.bbtinfo.eu\/#\/schema\/person\/4d51b1b65a12d567939d4c3f62d61ba6"},"breadcrumb":{"@id":"https:\/\/www.bbtinfo.eu\/it\/misure-di-mitigazione-dallinquinamento-acustico\/#breadcrumb"},"inLanguage":"it-IT","potentialAction":[{"@type":"ReadAction","target":["https:\/\/www.bbtinfo.eu\/it\/misure-di-mitigazione-dallinquinamento-acustico\/"]}]},{"@type":"BreadcrumbList","@id":"https:\/\/www.bbtinfo.eu\/it\/misure-di-mitigazione-dallinquinamento-acustico\/#breadcrumb","itemListElement":[{"@type":"ListItem","position":1,"name":"Home","item":"https:\/\/www.bbtinfo.eu\/it\/"},{"@type":"ListItem","position":2,"name":"Misure di mitigazione dall&#8217;inquinamento acustico"}]},{"@type":"WebSite","@id":"https:\/\/www.bbtinfo.eu\/#website","url":"https:\/\/www.bbtinfo.eu\/","name":"BBT","description":"Weichen stellen f\u00fcr die Zukunft","potentialAction":[{"@type":"SearchAction","target":{"@type":"EntryPoint","urlTemplate":"https:\/\/www.bbtinfo.eu\/?s={search_term_string}"},"query-input":{"@type":"PropertyValueSpecification","valueRequired":true,"valueName":"search_term_string"}}],"inLanguage":"it-IT"},{"@type":"Person","@id":"https:\/\/www.bbtinfo.eu\/#\/schema\/person\/4d51b1b65a12d567939d4c3f62d61ba6","name":"admin","image":{"@type":"ImageObject","inLanguage":"it-IT","@id":"https:\/\/www.bbtinfo.eu\/#\/schema\/person\/image\/","url":"https:\/\/secure.gravatar.com\/avatar\/0a5e880ddf3043e695150cd04bd6e446293b717b88400af088e277dd161b7ebb?s=96&d=mm&r=g","contentUrl":"https:\/\/secure.gravatar.com\/avatar\/0a5e880ddf3043e695150cd04bd6e446293b717b88400af088e277dd161b7ebb?s=96&d=mm&r=g","caption":"admin"},"url":"https:\/\/www.bbtinfo.eu\/it\/author\/admin\/"}]}},"_links":{"self":[{"href":"https:\/\/www.bbtinfo.eu\/it\/wp-json\/wp\/v2\/posts\/3556","targetHints":{"allow":["GET"]}}],"collection":[{"href":"https:\/\/www.bbtinfo.eu\/it\/wp-json\/wp\/v2\/posts"}],"about":[{"href":"https:\/\/www.bbtinfo.eu\/it\/wp-json\/wp\/v2\/types\/post"}],"author":[{"embeddable":true,"href":"https:\/\/www.bbtinfo.eu\/it\/wp-json\/wp\/v2\/users\/3"}],"replies":[{"embeddable":true,"href":"https:\/\/www.bbtinfo.eu\/it\/wp-json\/wp\/v2\/comments?post=3556"}],"version-history":[{"count":0,"href":"https:\/\/www.bbtinfo.eu\/it\/wp-json\/wp\/v2\/posts\/3556\/revisions"}],"wp:attachment":[{"href":"https:\/\/www.bbtinfo.eu\/it\/wp-json\/wp\/v2\/media?parent=3556"}],"wp:term":[{"taxonomy":"category","embeddable":true,"href":"https:\/\/www.bbtinfo.eu\/it\/wp-json\/wp\/v2\/categories?post=3556"},{"taxonomy":"post_tag","embeddable":true,"href":"https:\/\/www.bbtinfo.eu\/it\/wp-json\/wp\/v2\/tags?post=3556"}],"curies":[{"name":"wp","href":"https:\/\/api.w.org\/{rel}","templated":true}]}}