{"id":3548,"date":"2009-07-10T10:00:00","date_gmt":"2009-07-10T08:00:00","guid":{"rendered":"http:\/\/www.bbtinfo.eu\/wp_2013\/?p=344"},"modified":"2009-07-10T10:00:00","modified_gmt":"2009-07-10T08:00:00","slug":"piattaforma-per-la-comunicazione-formato-un-gruppo-di-lavoro-dalla-bcp","status":"publish","type":"post","link":"https:\/\/www.bbtinfo.eu\/it\/piattaforma-per-la-comunicazione-formato-un-gruppo-di-lavoro-dalla-bcp\/","title":{"rendered":"Piattaforma per la comunicazione: formato un gruppo di lavoro dalla BCP."},"content":{"rendered":"<p><strong>L\u2019Informazione attorno al progetto della Galleria di Base del Brennero (BBT) con la Nuova Ferrovia del Brennero sar\u00e0 transfrontaliera.<\/strong><\/p>\n<p>La Brenner Corridor Platform (BCP) \u00e8 stata fondata nel maggio del 2007 su iniziativa del prof. Karel Van Miert. Il gruppo di lavoro transnazionale si compone da rappresentanti della Baviera, del Tirolo, dell\u2019Alto Adige, del Trentino e di Verona, a suo capo i tre ministri delle Infrastrutture dei tre paesi coinvolti, nonch\u00e9 i gestori delle reti ferroviarie dell\u2019Italia, dell\u2019Austria e della Germania e inoltre coinvolta anche la \u201cBrenner Basistunnel Gesellschaft\u201d (BBT SE). Le riunioni del gruppo di lavoro della BCP sono presiedute dall\u2019Unione Europea. La Brenner Corridor Platform negli ultimi due anni d\u2019intensivo lavoro ha proceduto all\u2019elaborazione del programma d\u2019azione comunitario Brennero 2009.<br \/>\nIl 18. Maggio 2009 contemporaneamente alla sottoscrizione della dichiarazione d\u2019intenti, cio\u00e8 il cosiddetto \u201cMemorandum of Understanding\u201d a Roma, \u00e8 stato firmato unanimemente il piano d\u2019azione proposto. La proposta raccoglie 80 provvedimenti migliorativi per l\u2019organizzazione del traffico in transito lungo l\u2019asse del Brennero. <\/p>\n<p>Luned\u00ec 6 luglio s\u00ec \u00e8 tenuta una prima riunione della piattaforma di comunicazione.<br \/>\nL\u2019innalzamento della Nuova Ferrovia del Brennero da Monaco a Verona \u00e8 sostenuto da varie istituzioni ed enti societari dei tre stati in esso coinvolti. La piattaforma di comunicazione, sotto forma di gruppo di lavoro, segue il fine di una gestione e divulgazione delle informazioni a livello transnazionale. Il progetto dedicato alla Nuova Ferrovia del Brennero sar\u00e0 cos\u00ec accessibile per tutti gli adiacenti lungo l\u2019asse prescritta e le informazioni saranno organizzate e trasmesse in modo efficiente per tutti gli interessati.<br \/>\nLa presidenza della piattaforma di comunicazione \u00e8 stata affidata all\u2019Ing. Johann Herdina, amministratore dell\u2019\u00d6BB AG Bau, per il settore Bassa Valle dell\u2019Inn.<br \/>\n Una mansione conferita al gruppo di lavoro in una prima seduta, \u00e8 il compito, di raccogliere, catalogare e archiviare l&#8217;insieme del materiale informativo pubblicato sul BBT e le sue tratte d\u2019accesso.<\/p>\n<p>L\u2019archivio ottenuto da questo lavoro di ricerca transnazionale sar\u00e0 ospitato negli spazi del forte asburgico di Fortezza.<\/p>\n<p><strong>nella foto (da sinistra a destra):<\/strong><br \/>\n<strong><\/strong>Seduti: <em>Kurt Bechtold, Johann Herdina, Konrad Bergmeister.<\/em><br \/>\nIn piedi: <em>Melanie Zipin, Leo Satzinger, Walter Huber, Maria Celestina Antonacci, Ida D\u2019Antonio, Sandro Francesconi, Martin Ausserdorfer.&nbsp; <\/em><\/p>\n<p><strong>>> archivio news<\/strong><\/p>\n","protected":false},"excerpt":{"rendered":"<p>L\u2019Informazione attorno al progetto della Galleria di Base del Brennero (BBT) con la Nuova Ferrovia del Brennero sar\u00e0 transfrontaliera. La Brenner Corridor Platform (BCP) \u00e8 stata fondata nel maggio del 2007 su iniziativa del prof. Karel Van Miert. Il gruppo di lavoro transnazionale si compone da rappresentanti della Baviera, del Tirolo, dell\u2019Alto Adige, del Trentino [&hellip;]<\/p>\n","protected":false},"author":3,"featured_media":0,"comment_status":"open","ping_status":"closed","sticky":false,"template":"","format":"standard","meta":{"_acf_changed":false,"footnotes":""},"categories":[216],"tags":[],"class_list":["post-3548","post","type-post","status-publish","format-standard","hentry","category-news-ita"],"acf":[],"yoast_head":"<!-- This site is optimized with the Yoast SEO plugin v25.9 - https:\/\/yoast.com\/wordpress\/plugins\/seo\/ -->\n<title>Piattaforma per la comunicazione: formato un gruppo di lavoro dalla BCP. - BBT<\/title>\n<meta name=\"robots\" content=\"index, follow, max-snippet:-1, max-image-preview:large, max-video-preview:-1\" \/>\n<link rel=\"canonical\" href=\"https:\/\/www.bbtinfo.eu\/it\/piattaforma-per-la-comunicazione-formato-un-gruppo-di-lavoro-dalla-bcp\/\" \/>\n<meta property=\"og:locale\" content=\"it_IT\" \/>\n<meta property=\"og:type\" content=\"article\" \/>\n<meta property=\"og:title\" content=\"Piattaforma per la comunicazione: formato un gruppo di lavoro dalla BCP. - BBT\" \/>\n<meta property=\"og:description\" content=\"L\u2019Informazione attorno al progetto della Galleria di Base del Brennero (BBT) con la Nuova Ferrovia del Brennero sar\u00e0 transfrontaliera. La Brenner Corridor Platform (BCP) \u00e8 stata fondata nel maggio del 2007 su iniziativa del prof. Karel Van Miert. Il gruppo di lavoro transnazionale si compone da rappresentanti della Baviera, del Tirolo, dell\u2019Alto Adige, del Trentino [&hellip;]\" \/>\n<meta property=\"og:url\" content=\"https:\/\/www.bbtinfo.eu\/it\/piattaforma-per-la-comunicazione-formato-un-gruppo-di-lavoro-dalla-bcp\/\" \/>\n<meta property=\"og:site_name\" content=\"BBT\" \/>\n<meta property=\"article:published_time\" content=\"2009-07-10T08:00:00+00:00\" \/>\n<meta name=\"author\" content=\"admin\" \/>\n<meta name=\"twitter:card\" content=\"summary_large_image\" \/>\n<meta name=\"twitter:label1\" content=\"Scritto da\" \/>\n\t<meta name=\"twitter:data1\" content=\"admin\" \/>\n\t<meta name=\"twitter:label2\" content=\"Tempo di lettura stimato\" \/>\n\t<meta name=\"twitter:data2\" content=\"2 minuti\" \/>\n<script type=\"application\/ld+json\" class=\"yoast-schema-graph\">{\"@context\":\"https:\/\/schema.org\",\"@graph\":[{\"@type\":\"WebPage\",\"@id\":\"https:\/\/www.bbtinfo.eu\/it\/piattaforma-per-la-comunicazione-formato-un-gruppo-di-lavoro-dalla-bcp\/\",\"url\":\"https:\/\/www.bbtinfo.eu\/it\/piattaforma-per-la-comunicazione-formato-un-gruppo-di-lavoro-dalla-bcp\/\",\"name\":\"Piattaforma per la comunicazione: formato un gruppo di lavoro dalla BCP. - BBT\",\"isPartOf\":{\"@id\":\"https:\/\/www.bbtinfo.eu\/#website\"},\"datePublished\":\"2009-07-10T08:00:00+00:00\",\"author\":{\"@id\":\"https:\/\/www.bbtinfo.eu\/#\/schema\/person\/4d51b1b65a12d567939d4c3f62d61ba6\"},\"breadcrumb\":{\"@id\":\"https:\/\/www.bbtinfo.eu\/it\/piattaforma-per-la-comunicazione-formato-un-gruppo-di-lavoro-dalla-bcp\/#breadcrumb\"},\"inLanguage\":\"it-IT\",\"potentialAction\":[{\"@type\":\"ReadAction\",\"target\":[\"https:\/\/www.bbtinfo.eu\/it\/piattaforma-per-la-comunicazione-formato-un-gruppo-di-lavoro-dalla-bcp\/\"]}]},{\"@type\":\"BreadcrumbList\",\"@id\":\"https:\/\/www.bbtinfo.eu\/it\/piattaforma-per-la-comunicazione-formato-un-gruppo-di-lavoro-dalla-bcp\/#breadcrumb\",\"itemListElement\":[{\"@type\":\"ListItem\",\"position\":1,\"name\":\"Home\",\"item\":\"https:\/\/www.bbtinfo.eu\/it\/\"},{\"@type\":\"ListItem\",\"position\":2,\"name\":\"Piattaforma per la comunicazione: formato un gruppo di lavoro dalla BCP.\"}]},{\"@type\":\"WebSite\",\"@id\":\"https:\/\/www.bbtinfo.eu\/#website\",\"url\":\"https:\/\/www.bbtinfo.eu\/\",\"name\":\"BBT\",\"description\":\"Weichen stellen f\u00fcr die Zukunft\",\"potentialAction\":[{\"@type\":\"SearchAction\",\"target\":{\"@type\":\"EntryPoint\",\"urlTemplate\":\"https:\/\/www.bbtinfo.eu\/?s={search_term_string}\"},\"query-input\":{\"@type\":\"PropertyValueSpecification\",\"valueRequired\":true,\"valueName\":\"search_term_string\"}}],\"inLanguage\":\"it-IT\"},{\"@type\":\"Person\",\"@id\":\"https:\/\/www.bbtinfo.eu\/#\/schema\/person\/4d51b1b65a12d567939d4c3f62d61ba6\",\"name\":\"admin\",\"image\":{\"@type\":\"ImageObject\",\"inLanguage\":\"it-IT\",\"@id\":\"https:\/\/www.bbtinfo.eu\/#\/schema\/person\/image\/\",\"url\":\"https:\/\/secure.gravatar.com\/avatar\/0a5e880ddf3043e695150cd04bd6e446293b717b88400af088e277dd161b7ebb?s=96&d=mm&r=g\",\"contentUrl\":\"https:\/\/secure.gravatar.com\/avatar\/0a5e880ddf3043e695150cd04bd6e446293b717b88400af088e277dd161b7ebb?s=96&d=mm&r=g\",\"caption\":\"admin\"},\"url\":\"https:\/\/www.bbtinfo.eu\/it\/author\/admin\/\"}]}<\/script>\n<!-- \/ Yoast SEO plugin. -->","yoast_head_json":{"title":"Piattaforma per la comunicazione: formato un gruppo di lavoro dalla BCP. - BBT","robots":{"index":"index","follow":"follow","max-snippet":"max-snippet:-1","max-image-preview":"max-image-preview:large","max-video-preview":"max-video-preview:-1"},"canonical":"https:\/\/www.bbtinfo.eu\/it\/piattaforma-per-la-comunicazione-formato-un-gruppo-di-lavoro-dalla-bcp\/","og_locale":"it_IT","og_type":"article","og_title":"Piattaforma per la comunicazione: formato un gruppo di lavoro dalla BCP. - BBT","og_description":"L\u2019Informazione attorno al progetto della Galleria di Base del Brennero (BBT) con la Nuova Ferrovia del Brennero sar\u00e0 transfrontaliera. La Brenner Corridor Platform (BCP) \u00e8 stata fondata nel maggio del 2007 su iniziativa del prof. Karel Van Miert. Il gruppo di lavoro transnazionale si compone da rappresentanti della Baviera, del Tirolo, dell\u2019Alto Adige, del Trentino [&hellip;]","og_url":"https:\/\/www.bbtinfo.eu\/it\/piattaforma-per-la-comunicazione-formato-un-gruppo-di-lavoro-dalla-bcp\/","og_site_name":"BBT","article_published_time":"2009-07-10T08:00:00+00:00","author":"admin","twitter_card":"summary_large_image","twitter_misc":{"Scritto da":"admin","Tempo di lettura stimato":"2 minuti"},"schema":{"@context":"https:\/\/schema.org","@graph":[{"@type":"WebPage","@id":"https:\/\/www.bbtinfo.eu\/it\/piattaforma-per-la-comunicazione-formato-un-gruppo-di-lavoro-dalla-bcp\/","url":"https:\/\/www.bbtinfo.eu\/it\/piattaforma-per-la-comunicazione-formato-un-gruppo-di-lavoro-dalla-bcp\/","name":"Piattaforma per la comunicazione: formato un gruppo di lavoro dalla BCP. - BBT","isPartOf":{"@id":"https:\/\/www.bbtinfo.eu\/#website"},"datePublished":"2009-07-10T08:00:00+00:00","author":{"@id":"https:\/\/www.bbtinfo.eu\/#\/schema\/person\/4d51b1b65a12d567939d4c3f62d61ba6"},"breadcrumb":{"@id":"https:\/\/www.bbtinfo.eu\/it\/piattaforma-per-la-comunicazione-formato-un-gruppo-di-lavoro-dalla-bcp\/#breadcrumb"},"inLanguage":"it-IT","potentialAction":[{"@type":"ReadAction","target":["https:\/\/www.bbtinfo.eu\/it\/piattaforma-per-la-comunicazione-formato-un-gruppo-di-lavoro-dalla-bcp\/"]}]},{"@type":"BreadcrumbList","@id":"https:\/\/www.bbtinfo.eu\/it\/piattaforma-per-la-comunicazione-formato-un-gruppo-di-lavoro-dalla-bcp\/#breadcrumb","itemListElement":[{"@type":"ListItem","position":1,"name":"Home","item":"https:\/\/www.bbtinfo.eu\/it\/"},{"@type":"ListItem","position":2,"name":"Piattaforma per la comunicazione: formato un gruppo di lavoro dalla BCP."}]},{"@type":"WebSite","@id":"https:\/\/www.bbtinfo.eu\/#website","url":"https:\/\/www.bbtinfo.eu\/","name":"BBT","description":"Weichen stellen f\u00fcr die Zukunft","potentialAction":[{"@type":"SearchAction","target":{"@type":"EntryPoint","urlTemplate":"https:\/\/www.bbtinfo.eu\/?s={search_term_string}"},"query-input":{"@type":"PropertyValueSpecification","valueRequired":true,"valueName":"search_term_string"}}],"inLanguage":"it-IT"},{"@type":"Person","@id":"https:\/\/www.bbtinfo.eu\/#\/schema\/person\/4d51b1b65a12d567939d4c3f62d61ba6","name":"admin","image":{"@type":"ImageObject","inLanguage":"it-IT","@id":"https:\/\/www.bbtinfo.eu\/#\/schema\/person\/image\/","url":"https:\/\/secure.gravatar.com\/avatar\/0a5e880ddf3043e695150cd04bd6e446293b717b88400af088e277dd161b7ebb?s=96&d=mm&r=g","contentUrl":"https:\/\/secure.gravatar.com\/avatar\/0a5e880ddf3043e695150cd04bd6e446293b717b88400af088e277dd161b7ebb?s=96&d=mm&r=g","caption":"admin"},"url":"https:\/\/www.bbtinfo.eu\/it\/author\/admin\/"}]}},"_links":{"self":[{"href":"https:\/\/www.bbtinfo.eu\/it\/wp-json\/wp\/v2\/posts\/3548","targetHints":{"allow":["GET"]}}],"collection":[{"href":"https:\/\/www.bbtinfo.eu\/it\/wp-json\/wp\/v2\/posts"}],"about":[{"href":"https:\/\/www.bbtinfo.eu\/it\/wp-json\/wp\/v2\/types\/post"}],"author":[{"embeddable":true,"href":"https:\/\/www.bbtinfo.eu\/it\/wp-json\/wp\/v2\/users\/3"}],"replies":[{"embeddable":true,"href":"https:\/\/www.bbtinfo.eu\/it\/wp-json\/wp\/v2\/comments?post=3548"}],"version-history":[{"count":0,"href":"https:\/\/www.bbtinfo.eu\/it\/wp-json\/wp\/v2\/posts\/3548\/revisions"}],"wp:attachment":[{"href":"https:\/\/www.bbtinfo.eu\/it\/wp-json\/wp\/v2\/media?parent=3548"}],"wp:term":[{"taxonomy":"category","embeddable":true,"href":"https:\/\/www.bbtinfo.eu\/it\/wp-json\/wp\/v2\/categories?post=3548"},{"taxonomy":"post_tag","embeddable":true,"href":"https:\/\/www.bbtinfo.eu\/it\/wp-json\/wp\/v2\/tags?post=3548"}],"curies":[{"name":"wp","href":"https:\/\/api.w.org\/{rel}","templated":true}]}}