{"id":308,"date":"2009-06-17T10:00:00","date_gmt":"2009-06-17T08:00:00","guid":{"rendered":"http:\/\/www.bbtinfo.eu\/wp_2013\/?p=308"},"modified":"2009-06-17T10:00:00","modified_gmt":"2009-06-17T08:00:00","slug":"tratte-dacesso-in-baviera-2","status":"publish","type":"post","link":"https:\/\/www.bbtinfo.eu\/it\/tratte-dacesso-in-baviera-2\/","title":{"rendered":"Tratte d\u2019acesso in Baviera"},"content":{"rendered":"<p><strong>Il Presidente dei Ministri Seehofer d\u00e0 la sua parola alla costruzione delle tratte d&#8217;accesso necessarie per l&#8217;allaciamento alla Galleria di Base del Brennero. <\/strong><\/p>\n<p>Il presidente del Tirolo del Nord G\u00fcnther Platter marted\u00ed 16 giugno si \u00e8 recato a Monaco per un incontro con il Presidente dei Ministri bavarese Horst Seehofer, nell\u2019ambito del colloquio sono state discusse varie richieste, tra altro \u00e8 stato discusso il progetto della Galleria di Base del Brennero e Seehofer ha evidenziato chiaramente (\u201c<em>Potete prendermi alla lettera<\/em>\u201d) l\u2019importanza della costruzione delle tratte d\u2019accesso tra Rosenheim e Kiefersfelden per l\u2019allacciamento al tunnel.<\/p>\n<p><strong><em>>> archivio news<\/em> <\/strong><\/p>\n","protected":false},"excerpt":{"rendered":"<p>Il Presidente dei Ministri Seehofer d\u00e0 la sua parola alla costruzione delle tratte d&#8217;accesso necessarie per l&#8217;allaciamento alla Galleria di Base del Brennero. Il presidente del Tirolo del Nord G\u00fcnther Platter marted\u00ed 16 giugno si \u00e8 recato a Monaco per un incontro con il Presidente dei Ministri bavarese Horst Seehofer, nell\u2019ambito del colloquio sono state [&hellip;]<\/p>\n","protected":false},"author":3,"featured_media":0,"comment_status":"open","ping_status":"closed","sticky":false,"template":"","format":"standard","meta":{"_acf_changed":false,"footnotes":""},"categories":[216],"tags":[],"class_list":["post-308","post","type-post","status-publish","format-standard","hentry","category-news-ita"],"acf":[],"yoast_head":"<!-- This site is optimized with the Yoast SEO plugin v25.9 - https:\/\/yoast.com\/wordpress\/plugins\/seo\/ -->\n<title>Tratte d\u2019acesso in Baviera - BBT<\/title>\n<meta name=\"robots\" content=\"index, follow, max-snippet:-1, max-image-preview:large, max-video-preview:-1\" \/>\n<link rel=\"canonical\" href=\"https:\/\/www.bbtinfo.eu\/it\/tratte-dacesso-in-baviera-2\/\" \/>\n<meta property=\"og:locale\" content=\"it_IT\" \/>\n<meta property=\"og:type\" content=\"article\" \/>\n<meta property=\"og:title\" content=\"Tratte d\u2019acesso in Baviera - BBT\" \/>\n<meta property=\"og:description\" content=\"Il Presidente dei Ministri Seehofer d\u00e0 la sua parola alla costruzione delle tratte d&#8217;accesso necessarie per l&#8217;allaciamento alla Galleria di Base del Brennero. Il presidente del Tirolo del Nord G\u00fcnther Platter marted\u00ed 16 giugno si \u00e8 recato a Monaco per un incontro con il Presidente dei Ministri bavarese Horst Seehofer, nell\u2019ambito del colloquio sono state [&hellip;]\" \/>\n<meta property=\"og:url\" content=\"https:\/\/www.bbtinfo.eu\/it\/tratte-dacesso-in-baviera-2\/\" \/>\n<meta property=\"og:site_name\" content=\"BBT\" \/>\n<meta property=\"article:published_time\" content=\"2009-06-17T08:00:00+00:00\" \/>\n<meta name=\"author\" content=\"admin\" \/>\n<meta name=\"twitter:card\" content=\"summary_large_image\" \/>\n<meta name=\"twitter:label1\" content=\"Scritto da\" \/>\n\t<meta name=\"twitter:data1\" content=\"admin\" \/>\n<script type=\"application\/ld+json\" class=\"yoast-schema-graph\">{\"@context\":\"https:\/\/schema.org\",\"@graph\":[{\"@type\":\"WebPage\",\"@id\":\"https:\/\/www.bbtinfo.eu\/it\/tratte-dacesso-in-baviera-2\/\",\"url\":\"https:\/\/www.bbtinfo.eu\/it\/tratte-dacesso-in-baviera-2\/\",\"name\":\"Tratte d\u2019acesso in Baviera - BBT\",\"isPartOf\":{\"@id\":\"https:\/\/www.bbtinfo.eu\/#website\"},\"datePublished\":\"2009-06-17T08:00:00+00:00\",\"author\":{\"@id\":\"https:\/\/www.bbtinfo.eu\/#\/schema\/person\/4d51b1b65a12d567939d4c3f62d61ba6\"},\"breadcrumb\":{\"@id\":\"https:\/\/www.bbtinfo.eu\/it\/tratte-dacesso-in-baviera-2\/#breadcrumb\"},\"inLanguage\":\"it-IT\",\"potentialAction\":[{\"@type\":\"ReadAction\",\"target\":[\"https:\/\/www.bbtinfo.eu\/it\/tratte-dacesso-in-baviera-2\/\"]}]},{\"@type\":\"BreadcrumbList\",\"@id\":\"https:\/\/www.bbtinfo.eu\/it\/tratte-dacesso-in-baviera-2\/#breadcrumb\",\"itemListElement\":[{\"@type\":\"ListItem\",\"position\":1,\"name\":\"Home\",\"item\":\"https:\/\/www.bbtinfo.eu\/it\/\"},{\"@type\":\"ListItem\",\"position\":2,\"name\":\"Tratte d\u2019acesso in Baviera\"}]},{\"@type\":\"WebSite\",\"@id\":\"https:\/\/www.bbtinfo.eu\/#website\",\"url\":\"https:\/\/www.bbtinfo.eu\/\",\"name\":\"BBT\",\"description\":\"Weichen stellen f\u00fcr die Zukunft\",\"potentialAction\":[{\"@type\":\"SearchAction\",\"target\":{\"@type\":\"EntryPoint\",\"urlTemplate\":\"https:\/\/www.bbtinfo.eu\/?s={search_term_string}\"},\"query-input\":{\"@type\":\"PropertyValueSpecification\",\"valueRequired\":true,\"valueName\":\"search_term_string\"}}],\"inLanguage\":\"it-IT\"},{\"@type\":\"Person\",\"@id\":\"https:\/\/www.bbtinfo.eu\/#\/schema\/person\/4d51b1b65a12d567939d4c3f62d61ba6\",\"name\":\"admin\",\"image\":{\"@type\":\"ImageObject\",\"inLanguage\":\"it-IT\",\"@id\":\"https:\/\/www.bbtinfo.eu\/#\/schema\/person\/image\/\",\"url\":\"https:\/\/secure.gravatar.com\/avatar\/0a5e880ddf3043e695150cd04bd6e446293b717b88400af088e277dd161b7ebb?s=96&d=mm&r=g\",\"contentUrl\":\"https:\/\/secure.gravatar.com\/avatar\/0a5e880ddf3043e695150cd04bd6e446293b717b88400af088e277dd161b7ebb?s=96&d=mm&r=g\",\"caption\":\"admin\"},\"url\":\"https:\/\/www.bbtinfo.eu\/it\/author\/admin\/\"}]}<\/script>\n<!-- \/ Yoast SEO plugin. -->","yoast_head_json":{"title":"Tratte d\u2019acesso in Baviera - BBT","robots":{"index":"index","follow":"follow","max-snippet":"max-snippet:-1","max-image-preview":"max-image-preview:large","max-video-preview":"max-video-preview:-1"},"canonical":"https:\/\/www.bbtinfo.eu\/it\/tratte-dacesso-in-baviera-2\/","og_locale":"it_IT","og_type":"article","og_title":"Tratte d\u2019acesso in Baviera - BBT","og_description":"Il Presidente dei Ministri Seehofer d\u00e0 la sua parola alla costruzione delle tratte d&#8217;accesso necessarie per l&#8217;allaciamento alla Galleria di Base del Brennero. Il presidente del Tirolo del Nord G\u00fcnther Platter marted\u00ed 16 giugno si \u00e8 recato a Monaco per un incontro con il Presidente dei Ministri bavarese Horst Seehofer, nell\u2019ambito del colloquio sono state [&hellip;]","og_url":"https:\/\/www.bbtinfo.eu\/it\/tratte-dacesso-in-baviera-2\/","og_site_name":"BBT","article_published_time":"2009-06-17T08:00:00+00:00","author":"admin","twitter_card":"summary_large_image","twitter_misc":{"Scritto da":"admin"},"schema":{"@context":"https:\/\/schema.org","@graph":[{"@type":"WebPage","@id":"https:\/\/www.bbtinfo.eu\/it\/tratte-dacesso-in-baviera-2\/","url":"https:\/\/www.bbtinfo.eu\/it\/tratte-dacesso-in-baviera-2\/","name":"Tratte d\u2019acesso in Baviera - BBT","isPartOf":{"@id":"https:\/\/www.bbtinfo.eu\/#website"},"datePublished":"2009-06-17T08:00:00+00:00","author":{"@id":"https:\/\/www.bbtinfo.eu\/#\/schema\/person\/4d51b1b65a12d567939d4c3f62d61ba6"},"breadcrumb":{"@id":"https:\/\/www.bbtinfo.eu\/it\/tratte-dacesso-in-baviera-2\/#breadcrumb"},"inLanguage":"it-IT","potentialAction":[{"@type":"ReadAction","target":["https:\/\/www.bbtinfo.eu\/it\/tratte-dacesso-in-baviera-2\/"]}]},{"@type":"BreadcrumbList","@id":"https:\/\/www.bbtinfo.eu\/it\/tratte-dacesso-in-baviera-2\/#breadcrumb","itemListElement":[{"@type":"ListItem","position":1,"name":"Home","item":"https:\/\/www.bbtinfo.eu\/it\/"},{"@type":"ListItem","position":2,"name":"Tratte d\u2019acesso in Baviera"}]},{"@type":"WebSite","@id":"https:\/\/www.bbtinfo.eu\/#website","url":"https:\/\/www.bbtinfo.eu\/","name":"BBT","description":"Weichen stellen f\u00fcr die Zukunft","potentialAction":[{"@type":"SearchAction","target":{"@type":"EntryPoint","urlTemplate":"https:\/\/www.bbtinfo.eu\/?s={search_term_string}"},"query-input":{"@type":"PropertyValueSpecification","valueRequired":true,"valueName":"search_term_string"}}],"inLanguage":"it-IT"},{"@type":"Person","@id":"https:\/\/www.bbtinfo.eu\/#\/schema\/person\/4d51b1b65a12d567939d4c3f62d61ba6","name":"admin","image":{"@type":"ImageObject","inLanguage":"it-IT","@id":"https:\/\/www.bbtinfo.eu\/#\/schema\/person\/image\/","url":"https:\/\/secure.gravatar.com\/avatar\/0a5e880ddf3043e695150cd04bd6e446293b717b88400af088e277dd161b7ebb?s=96&d=mm&r=g","contentUrl":"https:\/\/secure.gravatar.com\/avatar\/0a5e880ddf3043e695150cd04bd6e446293b717b88400af088e277dd161b7ebb?s=96&d=mm&r=g","caption":"admin"},"url":"https:\/\/www.bbtinfo.eu\/it\/author\/admin\/"}]}},"_links":{"self":[{"href":"https:\/\/www.bbtinfo.eu\/it\/wp-json\/wp\/v2\/posts\/308","targetHints":{"allow":["GET"]}}],"collection":[{"href":"https:\/\/www.bbtinfo.eu\/it\/wp-json\/wp\/v2\/posts"}],"about":[{"href":"https:\/\/www.bbtinfo.eu\/it\/wp-json\/wp\/v2\/types\/post"}],"author":[{"embeddable":true,"href":"https:\/\/www.bbtinfo.eu\/it\/wp-json\/wp\/v2\/users\/3"}],"replies":[{"embeddable":true,"href":"https:\/\/www.bbtinfo.eu\/it\/wp-json\/wp\/v2\/comments?post=308"}],"version-history":[{"count":0,"href":"https:\/\/www.bbtinfo.eu\/it\/wp-json\/wp\/v2\/posts\/308\/revisions"}],"wp:attachment":[{"href":"https:\/\/www.bbtinfo.eu\/it\/wp-json\/wp\/v2\/media?parent=308"}],"wp:term":[{"taxonomy":"category","embeddable":true,"href":"https:\/\/www.bbtinfo.eu\/it\/wp-json\/wp\/v2\/categories?post=308"},{"taxonomy":"post_tag","embeddable":true,"href":"https:\/\/www.bbtinfo.eu\/it\/wp-json\/wp\/v2\/tags?post=308"}],"curies":[{"name":"wp","href":"https:\/\/api.w.org\/{rel}","templated":true}]}}