{"id":2107,"date":"2014-09-04T09:52:31","date_gmt":"2014-09-04T07:55:50","guid":{"rendered":"http:\/\/www.bbtinfo.eu\/?p=2107"},"modified":"2014-09-04T09:52:31","modified_gmt":"2014-09-04T07:55:50","slug":"tratta-daccesso-bbt-in-bassa-atesina-i-comuni-saranno-coinvolti","status":"publish","type":"post","link":"https:\/\/www.bbtinfo.eu\/it\/tratta-daccesso-bbt-in-bassa-atesina-i-comuni-saranno-coinvolti\/","title":{"rendered":"Tratta d&#8217;accesso BBT in Bassa Atesina, i comuni saranno coinvolti"},"content":{"rendered":"<p>La tratta d&#8217;accesso al BBT in Bassa Atesina: questo il tema dell&#8217;incontro di oggi a Palazzo Widmann<\/p>\n<p>I Comuni verranno direttamente coinvolti nel processo di pianificazione e realizzazione della tratta d&#8217;accesso al tunnel di base del Brennero in Bassa Atesina. Questo l&#8217;esito dell&#8217;incontro svoltosi questa mattina (4 settembre) a Palazzo Widmann nel quale la Giunta provinciale e i rappresentanti del territorio hanno preso atto degli aspetti urbanistici e geologici.<br \/>\nKompatcher (al centro), Theiner e Tommasini ascoltano proposte e richieste avanzate durante l&#8217;incontro. &#8220;La nostra priorit\u00e0 &#8211; ha confermato Arno Kompatscher &#8211; \u00e8 che progetti di queste dimensioni e di questa portata siano realizzati con il coinvolgimento e la partecipazione della popolazione locale: sia nella fase di pianificazione, sia nella fase di realizzazione&#8221;. All&#8217;incontro, oltre al presidente della Giunta provinciale e ai suoi vice Christian Tommasini e Richard Theiner, hanno partecipato i sindaci dei comuni della Bassa Atesina, i consiglieri provinciali provenienti dal territorio e i rappresentanti della Comunit\u00e0 comprensoriale.<\/p>\n<p>Al centro dei colloqui il percorso della tratta d&#8217;accesso previsto dallo studio di fattibilit\u00e0 del 2009, che si concretizzer\u00e0 in un tragitto lungo 30 km. con due gallerie e due &#8220;finestre&#8221; a Egna e Ora, realizzabile nel giro di nove anni e mezzo. Dopo la decisione della Giunta provinciale relativa a luglio 2013, che avviava il processo riguardante i piani urbanistici comunali, oggi \u00e8 stato concordato l&#8217;inserimento della tratta innanzitutto come corridoio, e sono state date assicurazioni ai Comuni circa il fatto che anche dopo il termine dell&#8217;iter burocratico ogni indicazione sar\u00e0 presa sul serio.<\/p>\n<p>&#8220;L&#8217;esperienza raccolta in Alta Val d&#8217;Isarco &#8211; ha spiegato il presidente Kompatscher &#8211; dimostra che in tutte le fasi del progetto, dalla pianificazione alla concreta realizzazione, le indicazioni provenienti dai comuni possono avere una forte influenza&#8221;. Il geologo provinciale Volkmar Mair, inoltre, ha fatto il punto della situazione per quanto riguarda l&#8217;aspetto idrogeologico della prevista tratta d&#8217;accesso. &#8220;Vi sar\u00e0 un monitoraggio continuo delle 1.000 fonti idriche &#8211; ha spiegato Mair &#8211; un&#8217;attivit\u00e0 che al momento non ha pari in Europa. Il tracciato scelto \u00e8 quello che ha ricevuto il miglior punteggio, e attualmente non ravvisiamo nessun rischio di natura idrogeologica&#8221;.<\/p>\n","protected":false},"excerpt":{"rendered":"<p>La tratta d&#8217;accesso al BBT in Bassa Atesina: questo il tema dell&#8217;incontro di oggi a Palazzo Widmann I Comuni verranno direttamente coinvolti nel processo di pianificazione e realizzazione della tratta d&#8217;accesso al tunnel di base del Brennero in Bassa Atesina. Questo l&#8217;esito dell&#8217;incontro svoltosi questa mattina (4 settembre) a Palazzo Widmann nel quale la Giunta [&hellip;]<\/p>\n","protected":false},"author":2,"featured_media":2105,"comment_status":"closed","ping_status":"closed","sticky":false,"template":"","format":"standard","meta":{"_acf_changed":false,"footnotes":""},"categories":[216],"tags":[],"class_list":["post-2107","post","type-post","status-publish","format-standard","has-post-thumbnail","hentry","category-news-ita"],"acf":[],"yoast_head":"<!-- This site is optimized with the Yoast SEO plugin v25.9 - https:\/\/yoast.com\/wordpress\/plugins\/seo\/ -->\n<title>Tratta d&#039;accesso BBT in Bassa Atesina, i comuni saranno coinvolti - BBT<\/title>\n<meta name=\"robots\" content=\"index, follow, max-snippet:-1, max-image-preview:large, max-video-preview:-1\" \/>\n<link rel=\"canonical\" href=\"https:\/\/www.bbtinfo.eu\/it\/tratta-daccesso-bbt-in-bassa-atesina-i-comuni-saranno-coinvolti\/\" \/>\n<meta property=\"og:locale\" content=\"it_IT\" \/>\n<meta property=\"og:type\" content=\"article\" \/>\n<meta property=\"og:title\" content=\"Tratta d&#039;accesso BBT in Bassa Atesina, i comuni saranno coinvolti - BBT\" \/>\n<meta property=\"og:description\" content=\"La tratta d&#8217;accesso al BBT in Bassa Atesina: questo il tema dell&#8217;incontro di oggi a Palazzo Widmann I Comuni verranno direttamente coinvolti nel processo di pianificazione e realizzazione della tratta d&#8217;accesso al tunnel di base del Brennero in Bassa Atesina. Questo l&#8217;esito dell&#8217;incontro svoltosi questa mattina (4 settembre) a Palazzo Widmann nel quale la Giunta [&hellip;]\" \/>\n<meta property=\"og:url\" content=\"https:\/\/www.bbtinfo.eu\/it\/tratta-daccesso-bbt-in-bassa-atesina-i-comuni-saranno-coinvolti\/\" \/>\n<meta property=\"og:site_name\" content=\"BBT\" \/>\n<meta property=\"article:published_time\" content=\"2014-09-04T07:55:50+00:00\" \/>\n<meta property=\"og:image\" content=\"https:\/\/www.bbtinfo.eu\/wp-content\/uploads\/2014\/09\/2014-04-09-BBT-Zulauf-Unterland-1.jpg\" \/>\n\t<meta property=\"og:image:width\" content=\"800\" \/>\n\t<meta property=\"og:image:height\" content=\"460\" \/>\n\t<meta property=\"og:image:type\" content=\"image\/jpeg\" \/>\n<meta name=\"author\" content=\"Redakteur\" \/>\n<meta name=\"twitter:card\" content=\"summary_large_image\" \/>\n<meta name=\"twitter:label1\" content=\"Scritto da\" \/>\n\t<meta name=\"twitter:data1\" content=\"Redakteur\" \/>\n\t<meta name=\"twitter:label2\" content=\"Tempo di lettura stimato\" \/>\n\t<meta name=\"twitter:data2\" content=\"2 minuti\" \/>\n<script type=\"application\/ld+json\" class=\"yoast-schema-graph\">{\"@context\":\"https:\/\/schema.org\",\"@graph\":[{\"@type\":\"WebPage\",\"@id\":\"https:\/\/www.bbtinfo.eu\/it\/tratta-daccesso-bbt-in-bassa-atesina-i-comuni-saranno-coinvolti\/\",\"url\":\"https:\/\/www.bbtinfo.eu\/it\/tratta-daccesso-bbt-in-bassa-atesina-i-comuni-saranno-coinvolti\/\",\"name\":\"Tratta d'accesso BBT in Bassa Atesina, i comuni saranno coinvolti - BBT\",\"isPartOf\":{\"@id\":\"https:\/\/www.bbtinfo.eu\/#website\"},\"primaryImageOfPage\":{\"@id\":\"https:\/\/www.bbtinfo.eu\/it\/tratta-daccesso-bbt-in-bassa-atesina-i-comuni-saranno-coinvolti\/#primaryimage\"},\"image\":{\"@id\":\"https:\/\/www.bbtinfo.eu\/it\/tratta-daccesso-bbt-in-bassa-atesina-i-comuni-saranno-coinvolti\/#primaryimage\"},\"thumbnailUrl\":\"https:\/\/www.bbtinfo.eu\/wp-content\/uploads\/2014\/09\/2014-04-09-BBT-Zulauf-Unterland-1.jpg\",\"datePublished\":\"2014-09-04T07:55:50+00:00\",\"author\":{\"@id\":\"https:\/\/www.bbtinfo.eu\/#\/schema\/person\/2aa55724db60ee2fd003fd640f1b1486\"},\"breadcrumb\":{\"@id\":\"https:\/\/www.bbtinfo.eu\/it\/tratta-daccesso-bbt-in-bassa-atesina-i-comuni-saranno-coinvolti\/#breadcrumb\"},\"inLanguage\":\"it-IT\",\"potentialAction\":[{\"@type\":\"ReadAction\",\"target\":[\"https:\/\/www.bbtinfo.eu\/it\/tratta-daccesso-bbt-in-bassa-atesina-i-comuni-saranno-coinvolti\/\"]}]},{\"@type\":\"ImageObject\",\"inLanguage\":\"it-IT\",\"@id\":\"https:\/\/www.bbtinfo.eu\/it\/tratta-daccesso-bbt-in-bassa-atesina-i-comuni-saranno-coinvolti\/#primaryimage\",\"url\":\"https:\/\/www.bbtinfo.eu\/wp-content\/uploads\/2014\/09\/2014-04-09-BBT-Zulauf-Unterland-1.jpg\",\"contentUrl\":\"https:\/\/www.bbtinfo.eu\/wp-content\/uploads\/2014\/09\/2014-04-09-BBT-Zulauf-Unterland-1.jpg\",\"width\":800,\"height\":460},{\"@type\":\"BreadcrumbList\",\"@id\":\"https:\/\/www.bbtinfo.eu\/it\/tratta-daccesso-bbt-in-bassa-atesina-i-comuni-saranno-coinvolti\/#breadcrumb\",\"itemListElement\":[{\"@type\":\"ListItem\",\"position\":1,\"name\":\"Home\",\"item\":\"https:\/\/www.bbtinfo.eu\/it\/\"},{\"@type\":\"ListItem\",\"position\":2,\"name\":\"Tratta d&#8217;accesso BBT in Bassa Atesina, i comuni saranno coinvolti\"}]},{\"@type\":\"WebSite\",\"@id\":\"https:\/\/www.bbtinfo.eu\/#website\",\"url\":\"https:\/\/www.bbtinfo.eu\/\",\"name\":\"BBT\",\"description\":\"Weichen stellen f\u00fcr die Zukunft\",\"potentialAction\":[{\"@type\":\"SearchAction\",\"target\":{\"@type\":\"EntryPoint\",\"urlTemplate\":\"https:\/\/www.bbtinfo.eu\/?s={search_term_string}\"},\"query-input\":{\"@type\":\"PropertyValueSpecification\",\"valueRequired\":true,\"valueName\":\"search_term_string\"}}],\"inLanguage\":\"it-IT\"},{\"@type\":\"Person\",\"@id\":\"https:\/\/www.bbtinfo.eu\/#\/schema\/person\/2aa55724db60ee2fd003fd640f1b1486\",\"name\":\"Redakteur\",\"image\":{\"@type\":\"ImageObject\",\"inLanguage\":\"it-IT\",\"@id\":\"https:\/\/www.bbtinfo.eu\/#\/schema\/person\/image\/\",\"url\":\"https:\/\/secure.gravatar.com\/avatar\/42729716e275dac8819c1403dcd0f948a888da8f76af593d32566a643889bee9?s=96&d=mm&r=g\",\"contentUrl\":\"https:\/\/secure.gravatar.com\/avatar\/42729716e275dac8819c1403dcd0f948a888da8f76af593d32566a643889bee9?s=96&d=mm&r=g\",\"caption\":\"Redakteur\"},\"url\":\"https:\/\/www.bbtinfo.eu\/it\/author\/redakteur\/\"}]}<\/script>\n<!-- \/ Yoast SEO plugin. -->","yoast_head_json":{"title":"Tratta d'accesso BBT in Bassa Atesina, i comuni saranno coinvolti - BBT","robots":{"index":"index","follow":"follow","max-snippet":"max-snippet:-1","max-image-preview":"max-image-preview:large","max-video-preview":"max-video-preview:-1"},"canonical":"https:\/\/www.bbtinfo.eu\/it\/tratta-daccesso-bbt-in-bassa-atesina-i-comuni-saranno-coinvolti\/","og_locale":"it_IT","og_type":"article","og_title":"Tratta d'accesso BBT in Bassa Atesina, i comuni saranno coinvolti - BBT","og_description":"La tratta d&#8217;accesso al BBT in Bassa Atesina: questo il tema dell&#8217;incontro di oggi a Palazzo Widmann I Comuni verranno direttamente coinvolti nel processo di pianificazione e realizzazione della tratta d&#8217;accesso al tunnel di base del Brennero in Bassa Atesina. Questo l&#8217;esito dell&#8217;incontro svoltosi questa mattina (4 settembre) a Palazzo Widmann nel quale la Giunta [&hellip;]","og_url":"https:\/\/www.bbtinfo.eu\/it\/tratta-daccesso-bbt-in-bassa-atesina-i-comuni-saranno-coinvolti\/","og_site_name":"BBT","article_published_time":"2014-09-04T07:55:50+00:00","og_image":[{"width":800,"height":460,"url":"https:\/\/www.bbtinfo.eu\/wp-content\/uploads\/2014\/09\/2014-04-09-BBT-Zulauf-Unterland-1.jpg","type":"image\/jpeg"}],"author":"Redakteur","twitter_card":"summary_large_image","twitter_misc":{"Scritto da":"Redakteur","Tempo di lettura stimato":"2 minuti"},"schema":{"@context":"https:\/\/schema.org","@graph":[{"@type":"WebPage","@id":"https:\/\/www.bbtinfo.eu\/it\/tratta-daccesso-bbt-in-bassa-atesina-i-comuni-saranno-coinvolti\/","url":"https:\/\/www.bbtinfo.eu\/it\/tratta-daccesso-bbt-in-bassa-atesina-i-comuni-saranno-coinvolti\/","name":"Tratta d'accesso BBT in Bassa Atesina, i comuni saranno coinvolti - BBT","isPartOf":{"@id":"https:\/\/www.bbtinfo.eu\/#website"},"primaryImageOfPage":{"@id":"https:\/\/www.bbtinfo.eu\/it\/tratta-daccesso-bbt-in-bassa-atesina-i-comuni-saranno-coinvolti\/#primaryimage"},"image":{"@id":"https:\/\/www.bbtinfo.eu\/it\/tratta-daccesso-bbt-in-bassa-atesina-i-comuni-saranno-coinvolti\/#primaryimage"},"thumbnailUrl":"https:\/\/www.bbtinfo.eu\/wp-content\/uploads\/2014\/09\/2014-04-09-BBT-Zulauf-Unterland-1.jpg","datePublished":"2014-09-04T07:55:50+00:00","author":{"@id":"https:\/\/www.bbtinfo.eu\/#\/schema\/person\/2aa55724db60ee2fd003fd640f1b1486"},"breadcrumb":{"@id":"https:\/\/www.bbtinfo.eu\/it\/tratta-daccesso-bbt-in-bassa-atesina-i-comuni-saranno-coinvolti\/#breadcrumb"},"inLanguage":"it-IT","potentialAction":[{"@type":"ReadAction","target":["https:\/\/www.bbtinfo.eu\/it\/tratta-daccesso-bbt-in-bassa-atesina-i-comuni-saranno-coinvolti\/"]}]},{"@type":"ImageObject","inLanguage":"it-IT","@id":"https:\/\/www.bbtinfo.eu\/it\/tratta-daccesso-bbt-in-bassa-atesina-i-comuni-saranno-coinvolti\/#primaryimage","url":"https:\/\/www.bbtinfo.eu\/wp-content\/uploads\/2014\/09\/2014-04-09-BBT-Zulauf-Unterland-1.jpg","contentUrl":"https:\/\/www.bbtinfo.eu\/wp-content\/uploads\/2014\/09\/2014-04-09-BBT-Zulauf-Unterland-1.jpg","width":800,"height":460},{"@type":"BreadcrumbList","@id":"https:\/\/www.bbtinfo.eu\/it\/tratta-daccesso-bbt-in-bassa-atesina-i-comuni-saranno-coinvolti\/#breadcrumb","itemListElement":[{"@type":"ListItem","position":1,"name":"Home","item":"https:\/\/www.bbtinfo.eu\/it\/"},{"@type":"ListItem","position":2,"name":"Tratta d&#8217;accesso BBT in Bassa Atesina, i comuni saranno coinvolti"}]},{"@type":"WebSite","@id":"https:\/\/www.bbtinfo.eu\/#website","url":"https:\/\/www.bbtinfo.eu\/","name":"BBT","description":"Weichen stellen f\u00fcr die Zukunft","potentialAction":[{"@type":"SearchAction","target":{"@type":"EntryPoint","urlTemplate":"https:\/\/www.bbtinfo.eu\/?s={search_term_string}"},"query-input":{"@type":"PropertyValueSpecification","valueRequired":true,"valueName":"search_term_string"}}],"inLanguage":"it-IT"},{"@type":"Person","@id":"https:\/\/www.bbtinfo.eu\/#\/schema\/person\/2aa55724db60ee2fd003fd640f1b1486","name":"Redakteur","image":{"@type":"ImageObject","inLanguage":"it-IT","@id":"https:\/\/www.bbtinfo.eu\/#\/schema\/person\/image\/","url":"https:\/\/secure.gravatar.com\/avatar\/42729716e275dac8819c1403dcd0f948a888da8f76af593d32566a643889bee9?s=96&d=mm&r=g","contentUrl":"https:\/\/secure.gravatar.com\/avatar\/42729716e275dac8819c1403dcd0f948a888da8f76af593d32566a643889bee9?s=96&d=mm&r=g","caption":"Redakteur"},"url":"https:\/\/www.bbtinfo.eu\/it\/author\/redakteur\/"}]}},"_links":{"self":[{"href":"https:\/\/www.bbtinfo.eu\/it\/wp-json\/wp\/v2\/posts\/2107","targetHints":{"allow":["GET"]}}],"collection":[{"href":"https:\/\/www.bbtinfo.eu\/it\/wp-json\/wp\/v2\/posts"}],"about":[{"href":"https:\/\/www.bbtinfo.eu\/it\/wp-json\/wp\/v2\/types\/post"}],"author":[{"embeddable":true,"href":"https:\/\/www.bbtinfo.eu\/it\/wp-json\/wp\/v2\/users\/2"}],"replies":[{"embeddable":true,"href":"https:\/\/www.bbtinfo.eu\/it\/wp-json\/wp\/v2\/comments?post=2107"}],"version-history":[{"count":0,"href":"https:\/\/www.bbtinfo.eu\/it\/wp-json\/wp\/v2\/posts\/2107\/revisions"}],"wp:featuredmedia":[{"embeddable":true,"href":"https:\/\/www.bbtinfo.eu\/it\/wp-json\/wp\/v2\/media\/2105"}],"wp:attachment":[{"href":"https:\/\/www.bbtinfo.eu\/it\/wp-json\/wp\/v2\/media?parent=2107"}],"wp:term":[{"taxonomy":"category","embeddable":true,"href":"https:\/\/www.bbtinfo.eu\/it\/wp-json\/wp\/v2\/categories?post=2107"},{"taxonomy":"post_tag","embeddable":true,"href":"https:\/\/www.bbtinfo.eu\/it\/wp-json\/wp\/v2\/tags?post=2107"}],"curies":[{"name":"wp","href":"https:\/\/api.w.org\/{rel}","templated":true}]}}